{"id":165253,"date":"2020-07-23T18:04:30","date_gmt":"2020-07-23T21:04:30","guid":{"rendered":"https:\/\/diarioregionaldigital.com.br\/?p=165253"},"modified":"2020-07-23T18:04:30","modified_gmt":"2020-07-23T21:04:30","slug":"pcmg-prende-nove-pessoas-envolvidas-em-organizacao-criminosa","status":"publish","type":"post","link":"https:\/\/diarioregionaldigital.com.br\/?p=165253","title":{"rendered":"PCMG prende nove pessoas envolvidas em organiza\u00e7\u00e3o criminosa"},"content":{"rendered":"<p><span style=\"font-weight: 400;\">A Pol\u00edcia Civil de Minas Gerais (PCMG), prendeu nove pessoas, entre 18 e 32 anos, por fazerem parte de fac\u00e7\u00e3o criminosa suspeita de comandar tr\u00e1fico de drogas <\/span><span style=\"font-weight: 400;\">na Zona Sudeste de Juiz de Fora, nos Bairros de Lourdes e Tiguera. As apura\u00e7\u00f5es duraram seis meses e resultou na apreens\u00e3o de drogas, aparelhos telef\u00f4nicos, notas promiss\u00f3rias, a quantia de R$ 3.148, cadernos de anota\u00e7\u00f5es que seriam relacionadas ao tr\u00e1fico e c\u00e2meras de vigil\u00e2ncia.\u00a0<\/span><\/p>\n<p><span style=\"font-weight: 400;\">De acordo com o Delegado Rafael Gomes, a a\u00e7\u00e3o foi desencadeada, ap\u00f3s minucioso trabalho investigativo. Durante o cumprimento de mandados de busca e apreens\u00e3o, foi preso um homem de 27 anos, suspeito de ser o l\u00edder da organiza\u00e7\u00e3o:<\/span><\/p>\n<p><span style=\"font-weight: 400;\">\u201cEle n\u00e3o estava com as drogas na resid\u00eancia dele, no entanto, foi apurado que ele atuaria comandando o esquema criminoso. Contudo, ele foi abordado com um celular, aparelho que ele teria danificado no momento da a\u00e7\u00e3o, a fim de encobrir ind\u00edcios da pr\u00e1tica criminosa. Al\u00e9m disso, tamb\u00e9m foi encontrada grande quantia em dinheiro em notas diversas com o suspeito, caracter\u00edstica do tr\u00e1fico de drogas, bem como apreendidos quatro aparelhos telef\u00f4nicos, notas promiss\u00f3rias e recibo de ve\u00edculo\u201d, explicou.<\/span><\/p>\n<p><span style=\"font-weight: 400;\">Durante dilig\u00eancias feitas em conjunto por policiais civis da Delegacia Especializada Antidrogas e Investigadores da 1\u00aa Delegacia Regional de Juiz de Fora e do 4\u00ba Departamento, foram apreendidos uma por\u00e7\u00e3o de maconha e R$ 150,00 na resid\u00eancia de um homem de 30 anos.\u00a0 Na resid\u00eancia do suspeito de 32 anos, foram localizados um caderno de anota\u00e7\u00f5es referentes ao tr\u00e1fico e a quantia de R$ 1.700.\u00a0<\/span><\/p>\n<p><span style=\"font-weight: 400;\">Segundo investiga\u00e7\u00f5es feitas pela PCMG, o autor seria suspeito de ser o respons\u00e1vel por abastecer uma \u201cboca de fumo\u201d, o qual seria operada por um dos indiv\u00edduos, que foi abordado com quatro buchas de maconha prontas para a venda, no decorrer da opera\u00e7\u00e3o.\u00a0<\/span><\/p>\n<p><span style=\"font-weight: 400;\">Tamb\u00e9m foram encontrados por\u00e7\u00f5es de maconha na resid\u00eancia de tr\u00eas jovens, entre 18 e 24 anos, e um aparelho celular com um suspeito de 21 anos. J\u00e1 na casa de outro jovem, de 20 anos, os policiais civis apreenderam tr\u00eas pedras de crack, c\u00e2meras de vigil\u00e2ncia, dois aparelhos celulares, dinheiro e documentos.<\/span><\/p>\n<p><span style=\"font-weight: 400;\">Ainda de acordo com a autoridade policial, todos os investigados foram encaminhados \u00e0 1\u00aa Delegacia Regional de Juiz de Fora e prestaram depoimento. Em seguida, foram ratificadas as pris\u00f5es em flagrante pelos crimes de tr\u00e1fico de drogas e associa\u00e7\u00e3o para o tr\u00e1fico. Eles foram encaminhados ao sistema prisional, permanecendo \u00e0 disposi\u00e7\u00e3o da Justi\u00e7a.<\/span><\/p>\n<p>&nbsp;<\/p>\n<p>&nbsp;<\/p>\n","protected":false},"excerpt":{"rendered":"<p>A Pol\u00edcia Civil de Minas Gerais (PCMG), prendeu nove pessoas, entre 18 e 32 anos, por fazerem parte de fac\u00e7\u00e3o criminosa suspeita de comandar tr\u00e1fico de drogas na Zona Sudeste de Juiz de Fora, nos Bairros de Lourdes e Tiguera. As apura\u00e7\u00f5es duraram seis meses e resultou na apreens\u00e3o de drogas, aparelhos telef\u00f4nicos, notas promiss\u00f3rias, [&hellip;]<\/p>\n","protected":false},"author":96,"featured_media":165254,"comment_status":"closed","ping_status":"closed","sticky":false,"template":"","format":"standard","meta":{"footnotes":""},"categories":[301,436,439],"tags":[],"class_list":["post-165253","post","type-post","status-publish","format-standard","has-post-thumbnail","hentry","category-artigos-policiais","category-destaque-da-semana","category-ultima-hora"],"_links":{"self":[{"href":"https:\/\/diarioregionaldigital.com.br\/index.php?rest_route=\/wp\/v2\/posts\/165253","targetHints":{"allow":["GET"]}}],"collection":[{"href":"https:\/\/diarioregionaldigital.com.br\/index.php?rest_route=\/wp\/v2\/posts"}],"about":[{"href":"https:\/\/diarioregionaldigital.com.br\/index.php?rest_route=\/wp\/v2\/types\/post"}],"author":[{"embeddable":true,"href":"https:\/\/diarioregionaldigital.com.br\/index.php?rest_route=\/wp\/v2\/users\/96"}],"replies":[{"embeddable":true,"href":"https:\/\/diarioregionaldigital.com.br\/index.php?rest_route=%2Fwp%2Fv2%2Fcomments&post=165253"}],"version-history":[{"count":0,"href":"https:\/\/diarioregionaldigital.com.br\/index.php?rest_route=\/wp\/v2\/posts\/165253\/revisions"}],"wp:featuredmedia":[{"embeddable":true,"href":"https:\/\/diarioregionaldigital.com.br\/index.php?rest_route=\/wp\/v2\/media\/165254"}],"wp:attachment":[{"href":"https:\/\/diarioregionaldigital.com.br\/index.php?rest_route=%2Fwp%2Fv2%2Fmedia&parent=165253"}],"wp:term":[{"taxonomy":"category","embeddable":true,"href":"https:\/\/diarioregionaldigital.com.br\/index.php?rest_route=%2Fwp%2Fv2%2Fcategories&post=165253"},{"taxonomy":"post_tag","embeddable":true,"href":"https:\/\/diarioregionaldigital.com.br\/index.php?rest_route=%2Fwp%2Fv2%2Ftags&post=165253"}],"curies":[{"name":"wp","href":"https:\/\/api.w.org\/{rel}","templated":true}]}}