{"id":165244,"date":"2020-07-23T17:14:10","date_gmt":"2020-07-23T20:14:10","guid":{"rendered":"https:\/\/diarioregionaldigital.com.br\/?p=165244"},"modified":"2020-07-23T17:14:10","modified_gmt":"2020-07-23T20:14:10","slug":"numeros-da-pandemia-em-minas-gerais-sugerem-estabilizacao-da-doenca","status":"publish","type":"post","link":"https:\/\/diarioregionaldigital.com.br\/?p=165244","title":{"rendered":"N\u00fameros da pandemia em Minas Gerais sugerem estabiliza\u00e7\u00e3o da doen\u00e7a"},"content":{"rendered":"<p>Conforme divulgado nessa quarta-feira (22\/7) pelo secret\u00e1rio de Estado de\u00a0Sa\u00fade\u00a0de Minas Gerais (SES-MG), Carlos Eduardo Amaral, os dados da pandemia em Minas apontam para uma estabiliza\u00e7\u00e3o. Embora o momento seja de alerta devido ao n\u00famero alto de casos, o estado n\u00e3o ultrapassou o registro de 60 mortes por dia por data de \u00f3bito e mant\u00e9m, nos \u00faltimos sete dias, uma m\u00e9dia di\u00e1ria de 59 pacientes mortos pela covid-19, o que sugere um plat\u00f4 da epidemia.<\/p>\n<p>A Secretaria de Sa\u00fade acompanha constantemente a evolu\u00e7\u00e3o no n\u00famero de \u00f3bitos causados pelo coronavirus. Quando um paciente morre supostamente por causa da doen\u00e7a, por\u00e9m sem que haja uma confirma\u00e7\u00e3o, s\u00e3o feitos exames para investigar a causa da morte, o que pode demorar muitos dias para o resultado. Confirmada a causa pela covid-19, o \u00f3bito, ent\u00e3o, \u00e9 registrado no boletim epidemiol\u00f3gico da SES, o que n\u00e3o significa que a pessoa morreu naquele dia.<\/p>\n<p>Por esse motivo, a SES faz o monitoramento do cen\u00e1rio pand\u00eamico baseando-se na data do \u00f3bito do paciente.\u00a0 Na ter\u00e7a-feira (21\/7), por exemplo, morreram duas pessoas no estado infectados pela covid-19. Trata-se de uma mulher de Betim, de 51 anos, e um homem, de 82, da cidade de Uberl\u00e2ndia. Ambos tinham confirma\u00e7\u00e3o para a infec\u00e7\u00e3o.<\/p>\n<p>No entanto, o boletim epidemiol\u00f3gico de quarta-feira (22\/07) divulgou o acumulado dos \u00faltimos dias, o que totalizou em 95 registros de mortes nas \u00faltimas 24 horas. A alta se deve ao ac\u00famulo de dados represados pelos munic\u00edpios, tanto por falta de profissionais para atualiza\u00e7\u00e3o aos s\u00e1bados e domingos quanto por resultado de confirma\u00e7\u00e3o dos \u00f3bitos pela covid por laborat\u00f3rio.<\/p>\n<p><strong>Caminho da informa\u00e7\u00e3o<\/strong><\/p>\n<p>O sistema de coleta de dados da SES funciona assim: o n\u00famero de mortes causadas pelo coronav\u00edrus \u00e9 informado por cada munic\u00edpio, que preenche uma planilha diariamente a cada nova confirma\u00e7\u00e3o.<\/p>\n<p>Essas informa\u00e7\u00f5es n\u00e3o s\u00e3o atualizadas pela maioria das equipes de vigil\u00e2ncia epidemiol\u00f3gica municipais aos finais de semana, j\u00e1 que, em muitas localidades, h\u00e1 profissionais que n\u00e3o trabalham aos s\u00e1bados e domingos.<\/p>\n<p>Esse intervalo sem dados gera ac\u00famulo das informa\u00e7\u00f5es ao longo da semana.\u00a0 \u201cDepois do fim de semana, as equipes preenchem os dados nas planilhas nas segundas-feiras, passam para as regionais e, assim, os dados s\u00e3o atualizados para n\u00f3s \u00e0s ter\u00e7as-feiras \u00e0 tarde. \u00c9 por isso que h\u00e1 um n\u00famero mais alto de \u00f3bitos quando divulgamos os boletins epidemiol\u00f3gicos nas quartas-feiras\u201d, explica a m\u00e9dica epidemiologista da SES-MG, T\u00e2nia Marcial.<\/p>\n<p>Al\u00e9m disso, para a confirma\u00e7\u00e3o dos \u00f3bitos causados pela doen\u00e7a, em muitos casos, deve-se considerar tamb\u00e9m a demora dos resultados divulgados pelos laborat\u00f3rios. Segundo comentou o secret\u00e1rio Carlos Eduardo Amaral, em coletiva virtual (22\/7) a m\u00e9dia de atraso nessas confirma\u00e7\u00f5es em rela\u00e7\u00e3o \u00e0 constata\u00e7\u00e3o da morte est\u00e1 em torno de dez dias para 80% dos \u00f3bitos.<\/p>\n<p><strong>M\u00e9dia m\u00f3vel<\/strong><\/p>\n<p>Uma das formas de se conhecer o comportamento mais pr\u00f3ximo da realidade da pandemia \u00e9 a chamada M\u00e9dia M\u00f3vel, um indicador usado por especialistas e em divulga\u00e7\u00f5es internacionais. Considerando as varia\u00e7\u00f5es que ocorrem para os registros de casos e \u00f3bitos nos boletins epidemiol\u00f3gicos, como os atrasos nos preenchimentos das planilhas e a demora dos resultados dos laborat\u00f3rios, h\u00e1 um ac\u00famulo na divulga\u00e7\u00e3o dos casos, o que prejudica a real dimens\u00e3o da doen\u00e7a.<\/p>\n<p>Com a M\u00e9dia M\u00f3vel, \u00e9 poss\u00edvel calcular uma m\u00e9dia mais aproximada da realidade do estado, ao se somar o n\u00famero de mortes ou casos nos \u00faltimos sete dias e dividir o resultado por sete. Em Minas Gerais, nos \u00faltimos sete dias, foram registradas 332 novas mortes, subindo de 1.752 na \u00faltima quarta-feira (15\/7) para 2.166 nesta quarta-feira (22\/7). Ao dividir esse n\u00famero por sete, h\u00e1 uma m\u00e9dia de 59 mortes por dia.<\/p>\n<p>Inclusive, de acordo com dados do Minist\u00e9rio da Sa\u00fade, Minas Gerais apresenta a 2\u00aa menor taxa de \u00f3bitos (9,78) por 100 mil habitantes, ficando atr\u00e1s somente do Mato Grosso do Sul (8,92). O resultado de Minas \u00e9 77% menor que a m\u00e9dia dos estados (41,70), e 75% menor do que a m\u00e9dia brasileira (38,78).<\/p>\n<p><strong>Fonte:\u00a0<\/strong>Ag\u00eancia Minas<\/p>\n","protected":false},"excerpt":{"rendered":"<p>Conforme divulgado nessa quarta-feira (22\/7) pelo secret\u00e1rio de Estado de\u00a0Sa\u00fade\u00a0de Minas Gerais (SES-MG), Carlos Eduardo Amaral, os dados da pandemia em Minas apontam para uma estabiliza\u00e7\u00e3o. Embora o momento seja de alerta devido ao n\u00famero alto de casos, o estado n\u00e3o ultrapassou o registro de 60 mortes por dia por data de \u00f3bito e mant\u00e9m, [&hellip;]<\/p>\n","protected":false},"author":96,"featured_media":165245,"comment_status":"closed","ping_status":"closed","sticky":false,"template":"","format":"standard","meta":{"footnotes":""},"categories":[436,252,439],"tags":[],"class_list":["post-165244","post","type-post","status-publish","format-standard","has-post-thumbnail","hentry","category-destaque-da-semana","category-regiao","category-ultima-hora"],"_links":{"self":[{"href":"https:\/\/diarioregionaldigital.com.br\/index.php?rest_route=\/wp\/v2\/posts\/165244","targetHints":{"allow":["GET"]}}],"collection":[{"href":"https:\/\/diarioregionaldigital.com.br\/index.php?rest_route=\/wp\/v2\/posts"}],"about":[{"href":"https:\/\/diarioregionaldigital.com.br\/index.php?rest_route=\/wp\/v2\/types\/post"}],"author":[{"embeddable":true,"href":"https:\/\/diarioregionaldigital.com.br\/index.php?rest_route=\/wp\/v2\/users\/96"}],"replies":[{"embeddable":true,"href":"https:\/\/diarioregionaldigital.com.br\/index.php?rest_route=%2Fwp%2Fv2%2Fcomments&post=165244"}],"version-history":[{"count":0,"href":"https:\/\/diarioregionaldigital.com.br\/index.php?rest_route=\/wp\/v2\/posts\/165244\/revisions"}],"wp:featuredmedia":[{"embeddable":true,"href":"https:\/\/diarioregionaldigital.com.br\/index.php?rest_route=\/wp\/v2\/media\/165245"}],"wp:attachment":[{"href":"https:\/\/diarioregionaldigital.com.br\/index.php?rest_route=%2Fwp%2Fv2%2Fmedia&parent=165244"}],"wp:term":[{"taxonomy":"category","embeddable":true,"href":"https:\/\/diarioregionaldigital.com.br\/index.php?rest_route=%2Fwp%2Fv2%2Fcategories&post=165244"},{"taxonomy":"post_tag","embeddable":true,"href":"https:\/\/diarioregionaldigital.com.br\/index.php?rest_route=%2Fwp%2Fv2%2Ftags&post=165244"}],"curies":[{"name":"wp","href":"https:\/\/api.w.org\/{rel}","templated":true}]}}