{"id":165241,"date":"2020-07-23T17:12:43","date_gmt":"2020-07-23T20:12:43","guid":{"rendered":"https:\/\/diarioregionaldigital.com.br\/?p=165241"},"modified":"2020-07-23T17:12:43","modified_gmt":"2020-07-23T20:12:43","slug":"onibus-coletivos-retomam-atividades-apos-paralisacao","status":"publish","type":"post","link":"https:\/\/diarioregionaldigital.com.br\/?p=165241","title":{"rendered":"\u00d4nibus coletivos retomam atividades ap\u00f3s paralisa\u00e7\u00e3o"},"content":{"rendered":"<p><span style=\"font-weight: 400;\">As linhas de \u00f4nibus coletivos de Juiz de Fora, retomaram suas atividades na tarde de quinta-feira (23), ap\u00f3s tr\u00eas dias de paralisa\u00e7\u00e3o, que teve in\u00edcio na ter\u00e7a-feira (21). A assessoria de imprensa da Astransp informou que ve\u00edculos das empresas Tusmil e S\u00e3o Francisco come\u00e7aram a sair para as ruas em torno das 10h. J\u00e1 os \u00f4nibus da Via\u00e7\u00e3o Goretti Irm\u00e3os Ltda (GIL) sa\u00edram da garagem \u00e0s 12h40.<\/span><\/p>\n<p><span style=\"font-weight: 400;\">Mesmo com a circula\u00e7\u00e3o dos \u00f4nibus, as vans escolares continuaram fazendo transporte de passageiros pelo munic\u00edpio, at\u00e9 \u00e0s 23h59.<\/span><\/p>\n<p><span style=\"font-weight: 400;\">Na ter\u00e7a-feira, os funcion\u00e1rios da GIL paralisaram suas atividades, em decorr\u00eancia do pagamento da segunda parcela do t\u00edquete-alimenta\u00e7\u00e3o referente a maio, bem como de cesta b\u00e1sica, cujo prazo expirou na segunda-feira (20).<\/span><\/p>\n<p><span style=\"font-weight: 400;\">Al\u00e9m disso, o Tribunal Regional do Trabalho da 3\u00aa Regi\u00e3o (TRT-3), determinou atrav\u00e9s de liminar, a retomada das atividades do transporte coletivo, mas a decis\u00e3o n\u00e3o foi acatada e os servi\u00e7os seguiram paralisados na cidade. O documento previa multa de R$500,00 para cada trabalhador prejudicado.<\/span><\/p>\n<p><span style=\"font-weight: 400;\">No mesmo dia, foi emitida nova liminar que determinou que o Sinttro cumpra a Lei da Greve e garanta a presen\u00e7a ao trabalho dos profissionais necess\u00e1rios ao funcionamento e de no m\u00ednimo 60% da frota de transporte coletivo das empresas, sob pena de multa de R$ 30 mil por dia.<\/span><\/p>\n<p><span style=\"font-weight: 400;\">Foi emitida uma terceira liminar pela ju\u00edza Roberta Ara\u00fajo de Carvalho Maciel da 1\u00aa Vara da Fazenda P\u00fablica e Autarquias Municipais da Comarca de Juiz de Fora, no qual determinou que os cons\u00f3rcios Manchester e Via JF promovam a retomada da presta\u00e7\u00e3o do servi\u00e7o p\u00fablico. O documento tamb\u00e9m prev\u00ea uma multa di\u00e1ria de R$ 30 mil reais para cada um deles.<\/span><\/p>\n","protected":false},"excerpt":{"rendered":"<p>As linhas de \u00f4nibus coletivos de Juiz de Fora, retomaram suas atividades na tarde de quinta-feira (23), ap\u00f3s tr\u00eas dias de paralisa\u00e7\u00e3o, que teve in\u00edcio na ter\u00e7a-feira (21). A assessoria de imprensa da Astransp informou que ve\u00edculos das empresas Tusmil e S\u00e3o Francisco come\u00e7aram a sair para as ruas em torno das 10h. J\u00e1 os [&hellip;]<\/p>\n","protected":false},"author":96,"featured_media":165242,"comment_status":"closed","ping_status":"closed","sticky":false,"template":"","format":"standard","meta":{"footnotes":""},"categories":[253,436,440,439],"tags":[],"class_list":["post-165241","post","type-post","status-publish","format-standard","has-post-thumbnail","hentry","category-cidade","category-destaque-da-semana","category-destaques-do-dia","category-ultima-hora"],"_links":{"self":[{"href":"https:\/\/diarioregionaldigital.com.br\/index.php?rest_route=\/wp\/v2\/posts\/165241","targetHints":{"allow":["GET"]}}],"collection":[{"href":"https:\/\/diarioregionaldigital.com.br\/index.php?rest_route=\/wp\/v2\/posts"}],"about":[{"href":"https:\/\/diarioregionaldigital.com.br\/index.php?rest_route=\/wp\/v2\/types\/post"}],"author":[{"embeddable":true,"href":"https:\/\/diarioregionaldigital.com.br\/index.php?rest_route=\/wp\/v2\/users\/96"}],"replies":[{"embeddable":true,"href":"https:\/\/diarioregionaldigital.com.br\/index.php?rest_route=%2Fwp%2Fv2%2Fcomments&post=165241"}],"version-history":[{"count":0,"href":"https:\/\/diarioregionaldigital.com.br\/index.php?rest_route=\/wp\/v2\/posts\/165241\/revisions"}],"wp:featuredmedia":[{"embeddable":true,"href":"https:\/\/diarioregionaldigital.com.br\/index.php?rest_route=\/wp\/v2\/media\/165242"}],"wp:attachment":[{"href":"https:\/\/diarioregionaldigital.com.br\/index.php?rest_route=%2Fwp%2Fv2%2Fmedia&parent=165241"}],"wp:term":[{"taxonomy":"category","embeddable":true,"href":"https:\/\/diarioregionaldigital.com.br\/index.php?rest_route=%2Fwp%2Fv2%2Fcategories&post=165241"},{"taxonomy":"post_tag","embeddable":true,"href":"https:\/\/diarioregionaldigital.com.br\/index.php?rest_route=%2Fwp%2Fv2%2Ftags&post=165241"}],"curies":[{"name":"wp","href":"https:\/\/api.w.org\/{rel}","templated":true}]}}