{"id":165238,"date":"2020-07-23T16:53:12","date_gmt":"2020-07-23T19:53:12","guid":{"rendered":"https:\/\/diarioregionaldigital.com.br\/?p=165238"},"modified":"2020-07-23T16:53:12","modified_gmt":"2020-07-23T19:53:12","slug":"pjf-autoriza-vans-escolares-a-transportar-passageiros","status":"publish","type":"post","link":"https:\/\/diarioregionaldigital.com.br\/?p=165238","title":{"rendered":"PJF autoriza vans escolares a transportar passageiros"},"content":{"rendered":"<p><span style=\"font-weight: 400;\">A Prefeitura de Juiz de Fora (PJF), publicou\u00a0 na noite de quarta-feira (23), o Decreto N\u00ba14.019, no qual autoriza vans escolares a fazerem transporte de passageiros, para garantir a continuidade do servi\u00e7o p\u00fablico essencial de transporte coletivo urbano (TCU), em caso de sua interrup\u00e7\u00e3o total ou parcial.<\/span><\/p>\n<p><span style=\"font-weight: 400;\">O documento determina que \u201cos ve\u00edculos autorizados a prestar o transporte complementar devem estar devidamente cadastrados na Secretaria de Transportes e Tr\u00e2nsito &#8211; SETTRA, observando-se a legisla\u00e7\u00e3o em vigor referente ao transporte escolar\u201d. Al\u00e9m disso, o valor cobrado ser\u00e1 de R$ 3,75.<\/span><\/p>\n<p><span style=\"font-weight: 400;\"> A Settra ressaltou que a medida \u00e9 emergencial e visa amenizar o impacto causado pela paralisa\u00e7\u00e3o dos \u00f4nibus. O local onde cada van atender\u00e1 \u00e9 de livre escolha do propriet\u00e1rio. O decreto determina tamb\u00e9m que os motoristas e usu\u00e1rios devem usar m\u00e1scaras de prote\u00e7\u00e3o dentro das vans. Al\u00e9m disso, os condutores devem exigir a utiliza\u00e7\u00e3o de m\u00e1scaras pelos passageiros que n\u00e3o estiverem com a prote\u00e7\u00e3o. Eles tamb\u00e9m devem disponibilizar \u00e1lcool em gel dentro dos ve\u00edculos.<\/span><\/p>\n<p><span style=\"font-weight: 400;\">Os ve\u00edculos poder\u00e3o utilizar as faixas exclusivas para o transporte coletivo e utilizar obrigatoriamente os pontos destinados ao transporte coletivo urbano para o embarque e desembarque de passageiros.<\/span> <span style=\"font-weight: 400;\">N\u00e3o ser\u00e1 permitida a parada dos ve\u00edculos fora dos pontos mencionados<\/span><\/p>\n<p><b>Fiscaliza\u00e7\u00e3o<\/b><\/p>\n<p><span style=\"font-weight: 400;\">O documento prev\u00ea que em caso de descumprimento das disposi\u00e7\u00f5es previstas, acarretar\u00e1 multa de R$ 4.489 por infra\u00e7\u00e3o, a ser recolhida aos cofres p\u00fablicos, em guia pr\u00f3pria. Em caso de primeira reincid\u00eancia, multa de R$ 8.978, e de segunda, R$ 17.956 e apreens\u00e3o do ve\u00edculo.\u00a0<\/span><\/p>\n<p>&nbsp;<\/p>\n","protected":false},"excerpt":{"rendered":"<p>A Prefeitura de Juiz de Fora (PJF), publicou\u00a0 na noite de quarta-feira (23), o Decreto N\u00ba14.019, no qual autoriza vans escolares a fazerem transporte de passageiros, para garantir a continuidade do servi\u00e7o p\u00fablico essencial de transporte coletivo urbano (TCU), em caso de sua interrup\u00e7\u00e3o total ou parcial. O documento determina que \u201cos ve\u00edculos autorizados a [&hellip;]<\/p>\n","protected":false},"author":96,"featured_media":165239,"comment_status":"closed","ping_status":"closed","sticky":false,"template":"","format":"standard","meta":{"footnotes":""},"categories":[253,436,440,439],"tags":[],"class_list":["post-165238","post","type-post","status-publish","format-standard","has-post-thumbnail","hentry","category-cidade","category-destaque-da-semana","category-destaques-do-dia","category-ultima-hora"],"_links":{"self":[{"href":"https:\/\/diarioregionaldigital.com.br\/index.php?rest_route=\/wp\/v2\/posts\/165238","targetHints":{"allow":["GET"]}}],"collection":[{"href":"https:\/\/diarioregionaldigital.com.br\/index.php?rest_route=\/wp\/v2\/posts"}],"about":[{"href":"https:\/\/diarioregionaldigital.com.br\/index.php?rest_route=\/wp\/v2\/types\/post"}],"author":[{"embeddable":true,"href":"https:\/\/diarioregionaldigital.com.br\/index.php?rest_route=\/wp\/v2\/users\/96"}],"replies":[{"embeddable":true,"href":"https:\/\/diarioregionaldigital.com.br\/index.php?rest_route=%2Fwp%2Fv2%2Fcomments&post=165238"}],"version-history":[{"count":0,"href":"https:\/\/diarioregionaldigital.com.br\/index.php?rest_route=\/wp\/v2\/posts\/165238\/revisions"}],"wp:featuredmedia":[{"embeddable":true,"href":"https:\/\/diarioregionaldigital.com.br\/index.php?rest_route=\/wp\/v2\/media\/165239"}],"wp:attachment":[{"href":"https:\/\/diarioregionaldigital.com.br\/index.php?rest_route=%2Fwp%2Fv2%2Fmedia&parent=165238"}],"wp:term":[{"taxonomy":"category","embeddable":true,"href":"https:\/\/diarioregionaldigital.com.br\/index.php?rest_route=%2Fwp%2Fv2%2Fcategories&post=165238"},{"taxonomy":"post_tag","embeddable":true,"href":"https:\/\/diarioregionaldigital.com.br\/index.php?rest_route=%2Fwp%2Fv2%2Ftags&post=165238"}],"curies":[{"name":"wp","href":"https:\/\/api.w.org\/{rel}","templated":true}]}}