{"id":165235,"date":"2020-07-23T16:35:39","date_gmt":"2020-07-23T19:35:39","guid":{"rendered":"https:\/\/diarioregionaldigital.com.br\/?p=165235"},"modified":"2020-07-23T16:35:39","modified_gmt":"2020-07-23T19:35:39","slug":"cbf-divulga-calendario-revisado-de-competicoes-das-categorias-de-base","status":"publish","type":"post","link":"https:\/\/diarioregionaldigital.com.br\/?p=165235","title":{"rendered":"CBF divulga calend\u00e1rio revisado de competi\u00e7\u00f5es das categorias de base"},"content":{"rendered":"<p><span style=\"font-weight: 400;\">A Confedera\u00e7\u00e3o Brasileira de Futebol (CBF), divulgou nessa quinta-feira (23), o calend\u00e1rio revisado das competi\u00e7\u00f5es disputadas categorias de base masculinas do futebol brasileiro em 2020. Por conta da pandemia do Coronav\u00edrus, as atividades foram paralisadas e ser\u00e3o retomadas no m\u00eas de setembro.<\/span><\/p>\n<p><span style=\"font-weight: 400;\">A primeira competi\u00e7\u00e3o a retornar ser\u00e1 o Campeonato Brasileiro Sub-20, no dia 23 de setembro. Em outubro retornam tamb\u00e9m a Copa do Brasil Sub-20, o Campeonato Brasileiro Sub-17 e o Campeonato Brasileiro de Aspirantes, nos dias 7, 11 e 18, respectivamente.<\/span><\/p>\n<p><span style=\"font-weight: 400;\">As Supercopas do Brasil Sub-20 e Sub-17 ser\u00e3o disputadas em jogo \u00fanico e no mesmo dia, com a data-base de 11 de fevereiro de 2021. As datas das competi\u00e7\u00f5es da Conmebol ser\u00e3o informadas oportunamente pela entidade.<\/span><\/p>\n<p><span style=\"font-weight: 400;\">Confira como ser\u00e1 a retomada de cada uma das competi\u00e7\u00f5es de base organizadas pela CBF no atual calend\u00e1rio do futebol brasileiro:<\/span><\/p>\n<p><b>Campeonato Brasileiro Sub-20<\/b><\/p>\n<p><span style=\"font-weight: 400;\">&#8211; In\u00edcio: 23\/09\/2020<\/span><\/p>\n<p><span style=\"font-weight: 400;\">&#8211; Final: 7\/02\/2021<\/span><\/p>\n<p><b>Copa do Brasil Sub-20<\/b><\/p>\n<p><span style=\"font-weight: 400;\">&#8211; In\u00edcio: 7\/10\/2020<\/span><\/p>\n<p><span style=\"font-weight: 400;\">&#8211; Final: 30\/12\/2020<\/span><\/p>\n<p><b>Campeonato Brasileiro Sub-17<\/b><\/p>\n<p><span style=\"font-weight: 400;\">&#8211; In\u00edcio: 11\/10\/2020<\/span><\/p>\n<p><span style=\"font-weight: 400;\">&#8211; Final: 20\/12\/2020<\/span><\/p>\n<p><b>Campeonato Brasileiro de Aspirantes<\/b><\/p>\n<p><span style=\"font-weight: 400;\">&#8211; In\u00edcio: 18\/10\/2020<\/span><\/p>\n<p><span style=\"font-weight: 400;\">&#8211; Final: 21\/1\/2021\u00a0<\/span><\/p>\n<p><b>Copa do Brasil Sub-17<\/b><\/p>\n<p><span style=\"font-weight: 400;\">&#8211; In\u00edcio: 25\/11\/2020<\/span><\/p>\n<p><span style=\"font-weight: 400;\">&#8211; Final: 31\/1\/2021<\/span><\/p>\n<p><b>Supercopa Sub-17<\/b><\/p>\n<p><span style=\"font-weight: 400;\">&#8211; 11\/2\/2021 &#8211; 1 data;<\/span><\/p>\n<p><b>Supercopa Sub-20<\/b><\/p>\n<p><span style=\"font-weight: 400;\">&#8211; 11\/2\/2021 &#8211; 1 data<\/span><\/p>\n<p><b>Copa do Nordeste Sub-20<\/b><\/p>\n<p><span style=\"font-weight: 400;\">&#8211; In\u00edcio: 2\/12\/2020<\/span><\/p>\n<p><span style=\"font-weight: 400;\">&#8211; Final: 14\/3\/2021\u00a0<\/span><\/p>\n<p>&nbsp;<\/p>\n","protected":false},"excerpt":{"rendered":"<p>A Confedera\u00e7\u00e3o Brasileira de Futebol (CBF), divulgou nessa quinta-feira (23), o calend\u00e1rio revisado das competi\u00e7\u00f5es disputadas categorias de base masculinas do futebol brasileiro em 2020. Por conta da pandemia do Coronav\u00edrus, as atividades foram paralisadas e ser\u00e3o retomadas no m\u00eas de setembro. A primeira competi\u00e7\u00e3o a retornar ser\u00e1 o Campeonato Brasileiro Sub-20, no dia 23 [&hellip;]<\/p>\n","protected":false},"author":96,"featured_media":165236,"comment_status":"closed","ping_status":"closed","sticky":false,"template":"","format":"standard","meta":{"footnotes":""},"categories":[436,257,439],"tags":[],"class_list":["post-165235","post","type-post","status-publish","format-standard","has-post-thumbnail","hentry","category-destaque-da-semana","category-esporte","category-ultima-hora"],"_links":{"self":[{"href":"https:\/\/diarioregionaldigital.com.br\/index.php?rest_route=\/wp\/v2\/posts\/165235","targetHints":{"allow":["GET"]}}],"collection":[{"href":"https:\/\/diarioregionaldigital.com.br\/index.php?rest_route=\/wp\/v2\/posts"}],"about":[{"href":"https:\/\/diarioregionaldigital.com.br\/index.php?rest_route=\/wp\/v2\/types\/post"}],"author":[{"embeddable":true,"href":"https:\/\/diarioregionaldigital.com.br\/index.php?rest_route=\/wp\/v2\/users\/96"}],"replies":[{"embeddable":true,"href":"https:\/\/diarioregionaldigital.com.br\/index.php?rest_route=%2Fwp%2Fv2%2Fcomments&post=165235"}],"version-history":[{"count":0,"href":"https:\/\/diarioregionaldigital.com.br\/index.php?rest_route=\/wp\/v2\/posts\/165235\/revisions"}],"wp:featuredmedia":[{"embeddable":true,"href":"https:\/\/diarioregionaldigital.com.br\/index.php?rest_route=\/wp\/v2\/media\/165236"}],"wp:attachment":[{"href":"https:\/\/diarioregionaldigital.com.br\/index.php?rest_route=%2Fwp%2Fv2%2Fmedia&parent=165235"}],"wp:term":[{"taxonomy":"category","embeddable":true,"href":"https:\/\/diarioregionaldigital.com.br\/index.php?rest_route=%2Fwp%2Fv2%2Fcategories&post=165235"},{"taxonomy":"post_tag","embeddable":true,"href":"https:\/\/diarioregionaldigital.com.br\/index.php?rest_route=%2Fwp%2Fv2%2Ftags&post=165235"}],"curies":[{"name":"wp","href":"https:\/\/api.w.org\/{rel}","templated":true}]}}