{"id":165232,"date":"2020-07-23T16:27:23","date_gmt":"2020-07-23T19:27:23","guid":{"rendered":"https:\/\/diarioregionaldigital.com.br\/?p=165232"},"modified":"2020-07-23T16:27:23","modified_gmt":"2020-07-23T19:27:23","slug":"cerimonia-no-estadio-olimpico-celebra-um-ano-para-a-abertura-dos-jogos-de-toquio","status":"publish","type":"post","link":"https:\/\/diarioregionaldigital.com.br\/?p=165232","title":{"rendered":"Cerim\u00f4nia no Est\u00e1dio Ol\u00edmpico celebra um ano para a abertura dos Jogos de T\u00f3quio"},"content":{"rendered":"<p><span style=\"font-weight: 400;\">O Est\u00e1dio Ol\u00edmpico de T\u00f3quio (Jap\u00e3o) foi palco de uma cerim\u00f4nia para marcar a data de um ano para a abertura dos Jogos Ol\u00edmpicos. O evento, organizado pelo Comit\u00ea Ol\u00edmpico Internacional (COI), foi transmitido online pelas redes sociais da entidade. A celebra\u00e7\u00e3o passou uma mensagem de otimismo nesse momento em que o mundo atravessa a crise em decorr\u00eancia da pandemia do novo coronav\u00edrus (covid-19).<\/span><\/p>\n<p><span style=\"font-weight: 400;\">O alem\u00e3o Thomas Bach, presidente do COI, n\u00e3o compareceu ao evento, mas fez um pronunciamento no site oficial dos Jogos. &#8220;Com um ano at\u00e9 a Abertura dos Jogos, ainda temos um desafio gigante \u00e0 nossa frente. Concordamos que precisamos adaptar os nossos planos para readequar os Jogos \u00e0 realidade de crise global. O importante, por\u00e9m, \u00e9 mantermos o esp\u00edrito de uni\u00e3o que define a nossa miss\u00e3o&#8221;, disse o dirigente.<\/span><\/p>\n<p><span style=\"font-weight: 400;\">Bach fez quest\u00e3o de agradecer aos parceiros locais &#8211; comandados pelo primeiro-ministro Shinzo Abe, por Yoshiro Mori, presidente do Comit\u00ea Organizador dos Jogos, e pela governadora de T\u00f3quio Yuriko Koike -, aos atletas, \u00e0s federa\u00e7\u00f5es, aos comit\u00eas ol\u00edmpicos nacionais e demais parceiros.<\/span><\/p>\n<p><span style=\"font-weight: 400;\">&#8220;Sem o apoio de todos, o Comit\u00ea n\u00e3o poderia ter tomado essa decis\u00e3o hist\u00f3rica conjunta de adiar os Jogos. Estou profundamente impressionado e agradecido pelo extraordin\u00e1rio progresso j\u00e1 percorrido desde a decis\u00e3o do adiamento. Estamos trabalhando para otimizar as opera\u00e7\u00f5es e servi\u00e7os sem tocar em esportes e atletas. Dessa forma, podemos, juntamente com o Comit\u00ea Organizador, transformar esses Jogos Ol\u00edmpicos de T\u00f3quio em uma celebra\u00e7\u00e3o sem precedentes da unidade e solidariedade da humanidade, tornando-os um s\u00edmbolo de resili\u00eancia e esperan\u00e7a. Mostrando que somos mais fortes juntos&#8221;.<\/span><\/p>\n<p><span style=\"font-weight: 400;\">Na abertura do evento no Est\u00e1dio Ol\u00edmpico, a nadadora Rikako Ikee apareceu com a chama ol\u00edmpica. A atleta, de 20 anos, \u00e9 muito conhecida no Jap\u00e3o e tem seis medalhas de ouro nos Jogos Asi\u00e1ticos. Diagnosticada em fevereiro do ano passado com leucemia, ela fez um agradecimento emocionante aos profissionais de sa\u00fade que est\u00e3o trabalhando ao redor do mundo para salvar pessoas da covid-19, e comparou a luta dela pela vida com o trabalho dos organizadores dos Jogos.<\/span><\/p>\n<p><span style=\"font-weight: 400;\">&#8220;Era meu sonho estar nesses Jogos. (&#8230;) O que me fez continuar em frente foi o apoio de doutores, enfermeiros e profissionais de sa\u00fade. Eu entendi a import\u00e2ncia e dificuldade do trabalho deles. Agora, esses profissionais est\u00e3o enfrentando um novo inimigo: a Covid-19. Eu n\u00e3o posso agradec\u00ea-los o suficiente pelo que v\u00eam fazendo. Obrigada. Atrav\u00e9s dessa experi\u00eancia, aprendi que o esporte \u00e9 mais do que apenas os atletas. Tem a ver com diversas pessoas que fazem o esporte acontecer. Espero, sinceramente, que o mundo volte ao normal o mais cedo poss\u00edvel\u201d.<\/span><\/p>\n<p><span style=\"font-weight: 400;\">Durante a cerim\u00f4nia, foi veiculado um v\u00eddeo com imagens hist\u00f3ricas de atletas ol\u00edmpicos, junto \u00e0s seguintes mensagens: \u201cjuntos estaremos mais fortes&#8221; e \u201cos Jogos Ol\u00edmpicos ser\u00e3o uma oportunidade de celebrar a supera\u00e7\u00e3o da humanidade&#8221;. V\u00e1rios pontos da cidade de T\u00f3quio foram decorados para lembrar a data de abertura dos Jogos ano que vem. A capital japonesa tamb\u00e9m ganhou v\u00e1rios cron\u00f4metros para a contagem regressiva dos 365 dias restantes at\u00e9 a abertura da Olimp\u00edada.<\/span><\/p>\n<p><strong>Fonte:<\/strong> Ag\u00eancia Brasil<\/p>\n","protected":false},"excerpt":{"rendered":"<p>O Est\u00e1dio Ol\u00edmpico de T\u00f3quio (Jap\u00e3o) foi palco de uma cerim\u00f4nia para marcar a data de um ano para a abertura dos Jogos Ol\u00edmpicos. O evento, organizado pelo Comit\u00ea Ol\u00edmpico Internacional (COI), foi transmitido online pelas redes sociais da entidade. A celebra\u00e7\u00e3o passou uma mensagem de otimismo nesse momento em que o mundo atravessa a [&hellip;]<\/p>\n","protected":false},"author":96,"featured_media":165233,"comment_status":"closed","ping_status":"closed","sticky":false,"template":"","format":"standard","meta":{"footnotes":""},"categories":[436,257,439],"tags":[],"class_list":["post-165232","post","type-post","status-publish","format-standard","has-post-thumbnail","hentry","category-destaque-da-semana","category-esporte","category-ultima-hora"],"_links":{"self":[{"href":"https:\/\/diarioregionaldigital.com.br\/index.php?rest_route=\/wp\/v2\/posts\/165232","targetHints":{"allow":["GET"]}}],"collection":[{"href":"https:\/\/diarioregionaldigital.com.br\/index.php?rest_route=\/wp\/v2\/posts"}],"about":[{"href":"https:\/\/diarioregionaldigital.com.br\/index.php?rest_route=\/wp\/v2\/types\/post"}],"author":[{"embeddable":true,"href":"https:\/\/diarioregionaldigital.com.br\/index.php?rest_route=\/wp\/v2\/users\/96"}],"replies":[{"embeddable":true,"href":"https:\/\/diarioregionaldigital.com.br\/index.php?rest_route=%2Fwp%2Fv2%2Fcomments&post=165232"}],"version-history":[{"count":0,"href":"https:\/\/diarioregionaldigital.com.br\/index.php?rest_route=\/wp\/v2\/posts\/165232\/revisions"}],"wp:featuredmedia":[{"embeddable":true,"href":"https:\/\/diarioregionaldigital.com.br\/index.php?rest_route=\/wp\/v2\/media\/165233"}],"wp:attachment":[{"href":"https:\/\/diarioregionaldigital.com.br\/index.php?rest_route=%2Fwp%2Fv2%2Fmedia&parent=165232"}],"wp:term":[{"taxonomy":"category","embeddable":true,"href":"https:\/\/diarioregionaldigital.com.br\/index.php?rest_route=%2Fwp%2Fv2%2Fcategories&post=165232"},{"taxonomy":"post_tag","embeddable":true,"href":"https:\/\/diarioregionaldigital.com.br\/index.php?rest_route=%2Fwp%2Fv2%2Ftags&post=165232"}],"curies":[{"name":"wp","href":"https:\/\/api.w.org\/{rel}","templated":true}]}}