{"id":165226,"date":"2020-07-23T15:41:01","date_gmt":"2020-07-23T18:41:01","guid":{"rendered":"https:\/\/diarioregionaldigital.com.br\/?p=165226"},"modified":"2020-07-23T15:41:01","modified_gmt":"2020-07-23T18:41:01","slug":"missao-europa-celebra-um-ano-para-os-jogos-de-toquio-com-animos-renovados","status":"publish","type":"post","link":"https:\/\/diarioregionaldigital.com.br\/?p=165226","title":{"rendered":"Miss\u00e3o Europa celebra um ano para os Jogos de T\u00f3quio com \u00e2nimos renovados"},"content":{"rendered":"<p><span style=\"font-weight: 400;\">Bastaram poucos dias de treinamento em Portugal e a contagem regressiva de um ano para os Jogos Ol\u00edmpicos de T\u00f3quio para os \u00e2nimos do Time Brasil se renovarem. Treinando em Portugal desde o \u00faltimo dia 19 de julho, os 72 atletas da delega\u00e7\u00e3o voltaram a fazer o que mais gostam e a vislumbrar uma vida mais pr\u00f3xima do normal a partir de agora.<\/span><\/p>\n<p><span style=\"font-weight: 400;\">Batizado de Miss\u00e3o Europa, o treinamento de campo no Rio Maior Sports Centre e em outros tr\u00eas munic\u00edpios portugueses \u2013 Cascais, Coimbra e Sangalhos \u2013, que tem dura\u00e7\u00e3o prevista at\u00e9 dezembro de 2020, faz parte do plano do Comit\u00ea Ol\u00edmpico do Brasil (COB) de retomada das atividades do esporte ol\u00edmpico nacional.\u00a0<\/span><\/p>\n<p><span style=\"font-weight: 400;\">\u201cNossa prepara\u00e7\u00e3o foi interrompida por conta da pandemia, mas ela j\u00e1 vem sendo feita h\u00e1 muito tempo. N\u00e3o s\u00f3 a prepara\u00e7\u00e3o para o Jap\u00e3o, mas tamb\u00e9m a prepara\u00e7\u00e3o dos atletas. O planejamento do pr\u00f3ximo ano \u00e9 assegurar que essa estrutua que montamos seja mantida, que os atletas sigam em atividade, ver a quest\u00e3o do calend\u00e1rio internacional de competi\u00e7\u00f5es e buscar a classifica\u00e7\u00e3o ol\u00edmpica daquelas modalidades que ainda n\u00e3o conseguiram as vagas. Este \u00e9 o planejamento fundamental e, a partir de 2021, vamos fazer o ajuste final das opera\u00e7\u00f5es em T\u00f3quio, a partir do momento que tivermos condi\u00e7\u00f5es de viajar para l\u00e1, finalizando a prepara\u00e7\u00e3o das nossas bases no Jap\u00e3o\u201d, diz o vice-presidente do COB, Marco La Porta.\u00a0<\/span><\/p>\n<p><span style=\"font-weight: 400;\">Para os atletas, o adiamento dos Jogos Ol\u00edmpicos trouxe mudan\u00e7as significativas nas condi\u00e7\u00f5es de treinamento e nas perspectivas de suas carreiras. Sem saberem quando voltariam a treinar normalmente, o aspecto psicol\u00f3gico precisou ser muito trabalhado, sobretudo no in\u00edcio da pandemia. Agora, no entanto, todos procuram ver o lado positivo desta mudan\u00e7a de datas.<\/span><\/p>\n<p><span style=\"font-weight: 400;\">\u201cCome\u00e7amos o ano j\u00e1 um pouco ansiosas, sentindo essa emo\u00e7\u00e3o que seria chegar aos Jogos Ol\u00edmpicos de T\u00f3quio. Mas, quando tudo isso mudou, a contagem regressiva recome\u00e7ou e a\u00ed surgiu uma nova chance de estarmos realmente melhores e mais preparadas\u201d, diz Luisa Borges, atleta ol\u00edmpica do nado art\u00edstico, que vai tentar classificar o dueto brasileiro no Pr\u00e9-ol\u00edmpico, na cidade-sede dos Jogos, em mar\u00e7o de 2021.<\/span><\/p>\n<p><span style=\"font-weight: 400;\">\u201cVou confessar que para mim foi muito bom. Tive oito meses parada, passei por uma cirurgia complicada e tive mais tempo para me recuperar e cuidar do meu joelho. Pude descansar bastante\u201d, analisa a ginasta Rebeca Andrade, que, assim como Luisa, participou dos Jogos Rio 2016.<\/span><\/p>\n<p><span style=\"font-weight: 400;\">Ainda em sua primeira semana de opera\u00e7\u00e3o, a Miss\u00e3o Europa j\u00e1 tem atletas de seis modalidades esportivas (boxe, gin\u00e1stica art\u00edstica, gin\u00e1stica r\u00edtmica, jud\u00f4, nado art\u00edstico e nata\u00e7\u00e3o) em a\u00e7\u00e3o. Por enquanto, tr\u00eas das quatro bases do Time Brasil est\u00e3o ocupadas: Rio Maior, Coimbra (jud\u00f4) e Sangalhos (gin\u00e1stica art\u00edstica). Em breve, Cascais receber\u00e1 os primeiros integrantes da vela.<\/span><\/p>\n<p><strong>Fonte:<\/strong> COB<\/p>\n","protected":false},"excerpt":{"rendered":"<p>Bastaram poucos dias de treinamento em Portugal e a contagem regressiva de um ano para os Jogos Ol\u00edmpicos de T\u00f3quio para os \u00e2nimos do Time Brasil se renovarem. Treinando em Portugal desde o \u00faltimo dia 19 de julho, os 72 atletas da delega\u00e7\u00e3o voltaram a fazer o que mais gostam e a vislumbrar uma vida [&hellip;]<\/p>\n","protected":false},"author":96,"featured_media":165227,"comment_status":"closed","ping_status":"closed","sticky":false,"template":"","format":"standard","meta":{"footnotes":""},"categories":[436,257,439],"tags":[],"class_list":["post-165226","post","type-post","status-publish","format-standard","has-post-thumbnail","hentry","category-destaque-da-semana","category-esporte","category-ultima-hora"],"_links":{"self":[{"href":"https:\/\/diarioregionaldigital.com.br\/index.php?rest_route=\/wp\/v2\/posts\/165226","targetHints":{"allow":["GET"]}}],"collection":[{"href":"https:\/\/diarioregionaldigital.com.br\/index.php?rest_route=\/wp\/v2\/posts"}],"about":[{"href":"https:\/\/diarioregionaldigital.com.br\/index.php?rest_route=\/wp\/v2\/types\/post"}],"author":[{"embeddable":true,"href":"https:\/\/diarioregionaldigital.com.br\/index.php?rest_route=\/wp\/v2\/users\/96"}],"replies":[{"embeddable":true,"href":"https:\/\/diarioregionaldigital.com.br\/index.php?rest_route=%2Fwp%2Fv2%2Fcomments&post=165226"}],"version-history":[{"count":0,"href":"https:\/\/diarioregionaldigital.com.br\/index.php?rest_route=\/wp\/v2\/posts\/165226\/revisions"}],"wp:featuredmedia":[{"embeddable":true,"href":"https:\/\/diarioregionaldigital.com.br\/index.php?rest_route=\/wp\/v2\/media\/165227"}],"wp:attachment":[{"href":"https:\/\/diarioregionaldigital.com.br\/index.php?rest_route=%2Fwp%2Fv2%2Fmedia&parent=165226"}],"wp:term":[{"taxonomy":"category","embeddable":true,"href":"https:\/\/diarioregionaldigital.com.br\/index.php?rest_route=%2Fwp%2Fv2%2Fcategories&post=165226"},{"taxonomy":"post_tag","embeddable":true,"href":"https:\/\/diarioregionaldigital.com.br\/index.php?rest_route=%2Fwp%2Fv2%2Ftags&post=165226"}],"curies":[{"name":"wp","href":"https:\/\/api.w.org\/{rel}","templated":true}]}}