{"id":165223,"date":"2020-07-23T15:23:35","date_gmt":"2020-07-23T18:23:35","guid":{"rendered":"https:\/\/diarioregionaldigital.com.br\/?p=165223"},"modified":"2020-07-23T15:23:35","modified_gmt":"2020-07-23T18:23:35","slug":"triangulo-do-sul-e-leste-do-sul-apresentam-taxas-controladas-e-avancam-no-plano-minas-consciente","status":"publish","type":"post","link":"https:\/\/diarioregionaldigital.com.br\/?p=165223","title":{"rendered":"Tri\u00e2ngulo do Sul e Leste do Sul apresentam taxas controladas e avan\u00e7am no plano Minas Consciente"},"content":{"rendered":"<p><span style=\"font-weight: 400;\">As macrorregi\u00f5es de Sa\u00fade Leste do Sul e Tri\u00e2ngulo do Sul poder\u00e3o avan\u00e7ar no plano Minas Consciente, ap\u00f3s apresentarem \u00edndices controlados de contamina\u00e7\u00e3o por coronav\u00edrus e ocupa\u00e7\u00e3o de leitos nos munic\u00edpios.<\/span><\/p>\n<p><span style=\"font-weight: 400;\">Com a decis\u00e3o, tomada pelo Comit\u00ea Extraordin\u00e1rio Covid-19 na quarta-feira (22), a regi\u00e3o Leste do Sul passar\u00e1 para a onda amarela, que prev\u00ea a libera\u00e7\u00e3o de mais atividades econ\u00f4micas. Poder\u00e3o reabrir sal\u00f5es de beleza, lojas de roupas, cal\u00e7ados, livrarias, papelarias, entre outros servi\u00e7os.<\/span><\/p>\n<p><span style=\"font-weight: 400;\">J\u00e1 a regi\u00e3o Tri\u00e2ngulo do Sul passa a seguir os protocolos da onda branca, quando \u00e9 permitida a abertura de autoescolas, lojas de artigos esportivos e floriculturas.<\/span><\/p>\n<p><span style=\"font-weight: 400;\">As mudan\u00e7as valer\u00e3o a partir do pr\u00f3ximo s\u00e1bado (25), ap\u00f3s publica\u00e7\u00e3o no Di\u00e1rio Oficial. Todas as outras regi\u00f5es do estado est\u00e3o mantidas nas ondas definidas na semana passada.<\/span><\/p>\n<p><b>Estabiliza\u00e7\u00e3o<\/b><\/p>\n<p><span style=\"font-weight: 400;\">O governador Romeu Zema comentou que os n\u00fameros colhidos na \u00faltima semana indicam uma estabiliza\u00e7\u00e3o da curva de contamina\u00e7\u00e3o. \u201cMuito provavelmente vivenciamos, na \u00faltima semana, o pico te\u00f3rico da pandemia, e os n\u00fameros indicam uma certa estabiliza\u00e7\u00e3o no n\u00famero de casos. A m\u00e9dia de \u00f3bitos dos \u00faltimos sete dias (59) j\u00e1 ficou muito pr\u00f3xima da m\u00e9dia dos \u00faltimos 14 dias (57,9). S\u00e3o dois n\u00fameros muito pr\u00f3ximos, que j\u00e1 demonstram um nivelamento\u201d, disse.<\/span><\/p>\n<p><span style=\"font-weight: 400;\">Ele lembrou, contudo, que ainda n\u00e3o \u00e9 hora de se descuidar e que as medidas de prote\u00e7\u00e3o s\u00e3o essenciais para manter a doen\u00e7a sob controle.<\/span><\/p>\n<p><span style=\"font-weight: 400;\">\u201c\u00c9 cedo para falarmos que o pior ficou para tr\u00e1s e precisamos continuar adotando todos os cuidados poss\u00edveis at\u00e9 termos uma queda consistente. Pe\u00e7o que mantenham as medidas de distanciamento, o uso de m\u00e1scaras, e, quem puder, fique em casa\u201d, afirmou.<\/span><\/p>\n<p><b>Ondas<\/b><\/p>\n<p><span style=\"font-weight: 400;\">O Minas Consciente setoriza as atividades econ\u00f4micas em quatro \u201condas\u201d (onda verde \u2013 servi\u00e7os essenciais; onda branca \u2013 primeira fase; onda amarela \u2013 segunda fase; onda vermelha \u2013 terceira fase), a serem liberadas para funcionamento de forma progressiva, conforme indicadores de capacidade assistencial e de propaga\u00e7\u00e3o da doen\u00e7a.<\/span><\/p>\n<p><span style=\"font-weight: 400;\">As mudan\u00e7as de ondas s\u00e3o avaliadas semanalmente pelo Comit\u00ea Extraordin\u00e1rio Covid-19. Al\u00e9m do governador e de todo o secretariado do Executivo mineiro, o grupo, criado especialmente para monitorar o avan\u00e7o da epidemia no estado, conta com representantes do Minist\u00e9rio P\u00fablico do Trabalho, do Minist\u00e9rio P\u00fablico de Minas Gerais, da Defensoria P\u00fablica, do Tribunal de Contas do Estado, entre outros \u00f3rg\u00e3os estrat\u00e9gicos.<\/span><\/p>\n<p><strong>Fonte:<\/strong> Ag\u00eancia Minas<\/p>\n","protected":false},"excerpt":{"rendered":"<p>As macrorregi\u00f5es de Sa\u00fade Leste do Sul e Tri\u00e2ngulo do Sul poder\u00e3o avan\u00e7ar no plano Minas Consciente, ap\u00f3s apresentarem \u00edndices controlados de contamina\u00e7\u00e3o por coronav\u00edrus e ocupa\u00e7\u00e3o de leitos nos munic\u00edpios. Com a decis\u00e3o, tomada pelo Comit\u00ea Extraordin\u00e1rio Covid-19 na quarta-feira (22), a regi\u00e3o Leste do Sul passar\u00e1 para a onda amarela, que prev\u00ea a [&hellip;]<\/p>\n","protected":false},"author":96,"featured_media":165224,"comment_status":"closed","ping_status":"closed","sticky":false,"template":"","format":"standard","meta":{"footnotes":""},"categories":[436,440,252,439],"tags":[],"class_list":["post-165223","post","type-post","status-publish","format-standard","has-post-thumbnail","hentry","category-destaque-da-semana","category-destaques-do-dia","category-regiao","category-ultima-hora"],"_links":{"self":[{"href":"https:\/\/diarioregionaldigital.com.br\/index.php?rest_route=\/wp\/v2\/posts\/165223","targetHints":{"allow":["GET"]}}],"collection":[{"href":"https:\/\/diarioregionaldigital.com.br\/index.php?rest_route=\/wp\/v2\/posts"}],"about":[{"href":"https:\/\/diarioregionaldigital.com.br\/index.php?rest_route=\/wp\/v2\/types\/post"}],"author":[{"embeddable":true,"href":"https:\/\/diarioregionaldigital.com.br\/index.php?rest_route=\/wp\/v2\/users\/96"}],"replies":[{"embeddable":true,"href":"https:\/\/diarioregionaldigital.com.br\/index.php?rest_route=%2Fwp%2Fv2%2Fcomments&post=165223"}],"version-history":[{"count":0,"href":"https:\/\/diarioregionaldigital.com.br\/index.php?rest_route=\/wp\/v2\/posts\/165223\/revisions"}],"wp:featuredmedia":[{"embeddable":true,"href":"https:\/\/diarioregionaldigital.com.br\/index.php?rest_route=\/wp\/v2\/media\/165224"}],"wp:attachment":[{"href":"https:\/\/diarioregionaldigital.com.br\/index.php?rest_route=%2Fwp%2Fv2%2Fmedia&parent=165223"}],"wp:term":[{"taxonomy":"category","embeddable":true,"href":"https:\/\/diarioregionaldigital.com.br\/index.php?rest_route=%2Fwp%2Fv2%2Fcategories&post=165223"},{"taxonomy":"post_tag","embeddable":true,"href":"https:\/\/diarioregionaldigital.com.br\/index.php?rest_route=%2Fwp%2Fv2%2Ftags&post=165223"}],"curies":[{"name":"wp","href":"https:\/\/api.w.org\/{rel}","templated":true}]}}