{"id":165217,"date":"2020-07-23T15:14:50","date_gmt":"2020-07-23T18:14:50","guid":{"rendered":"https:\/\/diarioregionaldigital.com.br\/?p=165217"},"modified":"2020-07-23T15:14:50","modified_gmt":"2020-07-23T18:14:50","slug":"parlamento-do-mercosul-comecara-a-discutir-integracao-energetica-dos-paises-partes","status":"publish","type":"post","link":"https:\/\/diarioregionaldigital.com.br\/?p=165217","title":{"rendered":"Parlamento do Mercosul come\u00e7ar\u00e1 a discutir integra\u00e7\u00e3o energ\u00e9tica dos pa\u00edses partes"},"content":{"rendered":"<p><span style=\"font-weight: 400;\">A Comiss\u00e3o de Infraestrutura, Transportes, Recursos Energ\u00e9ticos, Agricultura, Pecu\u00e1ria e Pesca do Parlamento do Mercosul aprovou nessa quinta-feira (23) a realiza\u00e7\u00e3o de um semin\u00e1rio para debater a integra\u00e7\u00e3o energ\u00e9tica dos pa\u00edses partes.<\/span><\/p>\n<p><span style=\"font-weight: 400;\">O objetivo \u00e9 avaliar o potencial de gera\u00e7\u00e3o ocioso das centrais hidrel\u00e9tricas da regi\u00e3o, principalmente de Itaipu, a fim de redistribuir melhor os recursos e reduzir a depend\u00eancia de alguns pa\u00edses da gera\u00e7\u00e3o termel\u00e9trica, que polui mais e tem custo maior.<\/span><\/p>\n<p><span style=\"font-weight: 400;\">O congressista Ricardo Canese (Paraguai) disse que o tema \u00e9, ao mesmo tempo, fundamental e complexo. Segundo ele, enquanto Itaipu deixa escoar por suas comportas um potencial de gera\u00e7\u00e3o de 6 milh\u00f5es de megawatts\/h por ano, pa\u00edses como Chile e Argentina acionam termel\u00e9tricas para produzir energia a partir da queima de combust\u00edveis f\u00f3sseis.<\/span><\/p>\n<p><span style=\"font-weight: 400;\">&#8220;Em vez de jogar fora essa energia, dever\u00edamos compartilhar esse potencial de gera\u00e7\u00e3o hidrel\u00e9trica e deixar de usar termel\u00e9tricas. Milh\u00f5es de d\u00f3lares poderiam ser usados para qualquer outro fim ben\u00e9fico, seja no combate \u00e0 pandemia ou em investimentos na infraestrutura\u201d, observou Canese.<\/span><\/p>\n<p><span style=\"font-weight: 400;\">A ideia, segundo ele, \u00e9 evitar desperd\u00edcio energ\u00e9tico ao mesmo tempo em que se reduz a emiss\u00e3o de poluentes. O Brasil esteve representado na reuni\u00e3o virtual desta quinta pelo deputado Ricardo Barros (PP-PR).<\/span><\/p>\n<p><span style=\"font-weight: 400;\">O in\u00edcio de um debate sobre a integra\u00e7\u00e3o energ\u00e9tica do Mercosul consta de projeto assinado por 24 congressistas do bloco, entre os quais o deputado Paulo Eduardo Martins (PSC-PR) e o senador Humberto Costa (PT-PE).<\/span><\/p>\n<p><span style=\"font-weight: 400;\">Presidente da comiss\u00e3o, o congressista Enzo Cardoso (Paraguai) ressaltou que, por envolver quest\u00f5es pol\u00edticas e t\u00e9cnicas, esse processo de integra\u00e7\u00e3o poder\u00e1 levar anos. &#8220;\u00c9 um processo que demorar muito tempo, porque envolve quest\u00f5es pol\u00edticas e t\u00e9cnicas de cada pa\u00eds, al\u00e9m de demandar um debate sobre a conveni\u00eancia econ\u00f4mica.\u201d<\/span><\/p>\n<p><span style=\"font-weight: 400;\">Ainda sem data marcada, o semin\u00e1rio dever\u00e1 reunir acad\u00eamicos, ministros de Minas e Energia, ou similares, dos pa\u00edses partes e representantes da iniciativa privada e de entidades da sociedade civil.<\/span><\/p>\n<p><span style=\"font-weight: 400;\">As conclus\u00f5es dos debates dever\u00e3o ser posteriormente analisadas separadamente nos parlamentos de cada pa\u00eds e em reuni\u00e3o do plen\u00e1rio do Parlamento do Mercosul.<\/span><\/p>\n<p><span style=\"font-weight: 400;\">Com 20 unidades geradoras e 14 mil MW de pot\u00eancia instalada, Itaipu fornece cerca de 11,3% da energia consumida no Brasil e 88,1% do consumo paraguaio.<\/span><\/p>\n<p><span style=\"font-weight: 400;\">\u00c9 a maior geradora de energia limpa e renov\u00e1vel do planeta, tendo produzido mais de 2,68 bilh\u00f5es de MWh desde o in\u00edcio de sua opera\u00e7\u00e3o at\u00e9 o final do ano de 2019.<\/span><\/p>\n<p><strong>Fonte:<\/strong> Ag\u00eancia C\u00e2mara<\/p>\n","protected":false},"excerpt":{"rendered":"<p>A Comiss\u00e3o de Infraestrutura, Transportes, Recursos Energ\u00e9ticos, Agricultura, Pecu\u00e1ria e Pesca do Parlamento do Mercosul aprovou nessa quinta-feira (23) a realiza\u00e7\u00e3o de um semin\u00e1rio para debater a integra\u00e7\u00e3o energ\u00e9tica dos pa\u00edses partes. O objetivo \u00e9 avaliar o potencial de gera\u00e7\u00e3o ocioso das centrais hidrel\u00e9tricas da regi\u00e3o, principalmente de Itaipu, a fim de redistribuir melhor os [&hellip;]<\/p>\n","protected":false},"author":96,"featured_media":165218,"comment_status":"closed","ping_status":"closed","sticky":false,"template":"","format":"standard","meta":{"footnotes":""},"categories":[436,254,439],"tags":[],"class_list":["post-165217","post","type-post","status-publish","format-standard","has-post-thumbnail","hentry","category-destaque-da-semana","category-politica","category-ultima-hora"],"_links":{"self":[{"href":"https:\/\/diarioregionaldigital.com.br\/index.php?rest_route=\/wp\/v2\/posts\/165217","targetHints":{"allow":["GET"]}}],"collection":[{"href":"https:\/\/diarioregionaldigital.com.br\/index.php?rest_route=\/wp\/v2\/posts"}],"about":[{"href":"https:\/\/diarioregionaldigital.com.br\/index.php?rest_route=\/wp\/v2\/types\/post"}],"author":[{"embeddable":true,"href":"https:\/\/diarioregionaldigital.com.br\/index.php?rest_route=\/wp\/v2\/users\/96"}],"replies":[{"embeddable":true,"href":"https:\/\/diarioregionaldigital.com.br\/index.php?rest_route=%2Fwp%2Fv2%2Fcomments&post=165217"}],"version-history":[{"count":0,"href":"https:\/\/diarioregionaldigital.com.br\/index.php?rest_route=\/wp\/v2\/posts\/165217\/revisions"}],"wp:featuredmedia":[{"embeddable":true,"href":"https:\/\/diarioregionaldigital.com.br\/index.php?rest_route=\/wp\/v2\/media\/165218"}],"wp:attachment":[{"href":"https:\/\/diarioregionaldigital.com.br\/index.php?rest_route=%2Fwp%2Fv2%2Fmedia&parent=165217"}],"wp:term":[{"taxonomy":"category","embeddable":true,"href":"https:\/\/diarioregionaldigital.com.br\/index.php?rest_route=%2Fwp%2Fv2%2Fcategories&post=165217"},{"taxonomy":"post_tag","embeddable":true,"href":"https:\/\/diarioregionaldigital.com.br\/index.php?rest_route=%2Fwp%2Fv2%2Ftags&post=165217"}],"curies":[{"name":"wp","href":"https:\/\/api.w.org\/{rel}","templated":true}]}}