{"id":165215,"date":"2020-07-23T11:03:40","date_gmt":"2020-07-23T14:03:40","guid":{"rendered":"https:\/\/diarioregionaldigital.com.br\/?p=165215"},"modified":"2020-07-23T11:03:40","modified_gmt":"2020-07-23T14:03:40","slug":"minas-gerais-supera-marca-de-100-mil-casos-confirmados-por-coronavirus","status":"publish","type":"post","link":"https:\/\/diarioregionaldigital.com.br\/?p=165215","title":{"rendered":"Minas Gerais supera marca de 100 mil casos confirmados por Coronav\u00edrus"},"content":{"rendered":"<p><span style=\"font-weight: 400;\">O<\/span><a href=\"https:\/\/www.saude.mg.gov.br\/images\/noticias_e_eventos\/000_2020\/Boletim_Epidemiologico_COVID-19_23.07.2020.pdf\"><span style=\"font-weight: 400;\"> boletim epidemiol\u00f3gico<\/span><\/a><span style=\"font-weight: 400;\"> divulgado nesta quinta-feira (23) pela Secretaria de Estado da Sa\u00fade de Minas Gerais (SES-MG), aponta que o estado chegou a marca de 102.568 casos confirmados por Coronav\u00edrus. Na compara\u00e7\u00e3o com o boletim de ontem (22), houve aumento de 3.827 novos casos. Al\u00e9m disso, houve aumento de 2.166 para 2.238 mortes confirmadas. Os novos \u00f3bitos registrados no boletim atualizado foram confirmados em: Ipanema (1), Manhua\u00e7u (1), Matip\u00f3 (1), Santa Margarida (1), Alto Jequitib\u00e1 (1), Divin\u00e9sia (1), Minas Novas (1), Tupaciguara (2), S\u00e3o Francisco (1), Juiz de Fora (4), Campos Altos (1), Iturama (1), Frutal (1), Concei\u00e7\u00e3o das Alagoas (2), Itapagipe (1), Uberaba (1), Uberl\u00e2ndia (4), Montes Claros (1), Itapeva (1), Extrema (1), Monte Carmelo (1), Santa B\u00e1rbara (1), Aimor\u00e9s (1), Ouro Branco (1), Alfenas (1), Betim (7), Contagem (9), Ibirit\u00e9 (6), Jaboticatubas (1), Mariana (1), Belo Horizonte (18) e um paciente nascido em outro estado brasileiro.<\/span><\/p>\n<p><span style=\"font-weight: 400;\">Conforme o levantamento, 76.240 pacientes est\u00e3o recuperados da doen\u00e7a, representando 74,3% dos casos e 24.090 pacientes est\u00e3o sob acompanhamento m\u00e9dico. At\u00e9 ent\u00e3o foram feitos 64.355 testes laboratoriais, sendo que 14.654 deram positivo, 47.288 deram negativo e 1.388 est\u00e3o sob an\u00e1lise.<\/span><\/p>\n<p><span style=\"font-weight: 400;\">Confira abaixo a tabela completa com os \u00f3bitos confirmados no estado:<\/span><\/p>\n<p><a href=\"https:\/\/diarioregionaldigital.com.br\/wp-content\/uploads\/2020\/07\/OBITOS_CONF_COVID-19_MG_23.07.2020.xls\"><span style=\"font-weight: 400;\">OBITOS_CONF_COVID-19_MG_23.07.2020<\/span><\/a><\/p>\n","protected":false},"excerpt":{"rendered":"<p>O boletim epidemiol\u00f3gico divulgado nesta quinta-feira (23) pela Secretaria de Estado da Sa\u00fade de Minas Gerais (SES-MG), aponta que o estado chegou a marca de 102.568 casos confirmados por Coronav\u00edrus. Na compara\u00e7\u00e3o com o boletim de ontem (22), houve aumento de 3.827 novos casos. Al\u00e9m disso, houve aumento de 2.166 para 2.238 mortes confirmadas. Os [&hellip;]<\/p>\n","protected":false},"author":96,"featured_media":165209,"comment_status":"closed","ping_status":"closed","sticky":false,"template":"","format":"standard","meta":{"footnotes":""},"categories":[436,440,252,439],"tags":[],"class_list":["post-165215","post","type-post","status-publish","format-standard","has-post-thumbnail","hentry","category-destaque-da-semana","category-destaques-do-dia","category-regiao","category-ultima-hora"],"_links":{"self":[{"href":"https:\/\/diarioregionaldigital.com.br\/index.php?rest_route=\/wp\/v2\/posts\/165215","targetHints":{"allow":["GET"]}}],"collection":[{"href":"https:\/\/diarioregionaldigital.com.br\/index.php?rest_route=\/wp\/v2\/posts"}],"about":[{"href":"https:\/\/diarioregionaldigital.com.br\/index.php?rest_route=\/wp\/v2\/types\/post"}],"author":[{"embeddable":true,"href":"https:\/\/diarioregionaldigital.com.br\/index.php?rest_route=\/wp\/v2\/users\/96"}],"replies":[{"embeddable":true,"href":"https:\/\/diarioregionaldigital.com.br\/index.php?rest_route=%2Fwp%2Fv2%2Fcomments&post=165215"}],"version-history":[{"count":0,"href":"https:\/\/diarioregionaldigital.com.br\/index.php?rest_route=\/wp\/v2\/posts\/165215\/revisions"}],"wp:featuredmedia":[{"embeddable":true,"href":"https:\/\/diarioregionaldigital.com.br\/index.php?rest_route=\/wp\/v2\/media\/165209"}],"wp:attachment":[{"href":"https:\/\/diarioregionaldigital.com.br\/index.php?rest_route=%2Fwp%2Fv2%2Fmedia&parent=165215"}],"wp:term":[{"taxonomy":"category","embeddable":true,"href":"https:\/\/diarioregionaldigital.com.br\/index.php?rest_route=%2Fwp%2Fv2%2Fcategories&post=165215"},{"taxonomy":"post_tag","embeddable":true,"href":"https:\/\/diarioregionaldigital.com.br\/index.php?rest_route=%2Fwp%2Fv2%2Ftags&post=165215"}],"curies":[{"name":"wp","href":"https:\/\/api.w.org\/{rel}","templated":true}]}}