{"id":165193,"date":"2020-07-23T06:00:56","date_gmt":"2020-07-23T09:00:56","guid":{"rendered":"https:\/\/diarioregionaldigital.com.br\/?p=165193"},"modified":"2020-07-23T01:57:46","modified_gmt":"2020-07-23T04:57:46","slug":"expresso-oriente","status":"publish","type":"post","link":"https:\/\/diarioregionaldigital.com.br\/?p=165193","title":{"rendered":"Expresso Oriente"},"content":{"rendered":"<p style=\"text-align: center;\"><strong>Em Alta<\/strong><\/p>\n<p style=\"text-align: center;\">Com sua miss\u00e3o de salvar vidas, o cirurgi\u00e3o vascular Paulo Gon\u00e7alves de Oliveira J\u00fanior est\u00e1 com tudo e n\u00e3o est\u00e1 prosa. Foi homenageado com a \u201cMedalha Ex\u00e9rcito Brasileiro\u201d por sua destacada atua\u00e7\u00e3o. Por 4 anos serviu as For\u00e7as Armadas e recentemente, recebeu tamb\u00e9m a medalha do centen\u00e1rio do Hospital Geral de Juiz de Fora.<\/p>\n<p style=\"text-align: center;\"><strong>Saud\u00e1vel<\/strong><\/p>\n<p style=\"text-align: center;\">Em tempos de pandemia surge oportunidade para parceiros da diversidade para produzir org\u00e2nicos na \u00e1rea rural de Juiz de Fora baseado no comercio justo e economia solid\u00e1ria. A sugest\u00e3o \u00e9 de Marco Polo e informa\u00e7\u00f5es pelo e-mail pologermano @hotmail.com.<\/p>\n<p style=\"text-align: center;\"><strong>Hype<\/strong><\/p>\n<p style=\"text-align: center;\">Os quadros agora disputam espa\u00e7o nas paredes com as bandeiras decorativas. As da Maru, da designer Gabriela Marumoto, s\u00e3o desejo imediato. Ela lan\u00e7a novas estampas com frequ\u00eancia e j\u00e1 conquistou clientes entre cantores e atores e atrizes. Compras feitas pelo site mmmaru. Com.<\/p>\n<p style=\"text-align: center;\"><strong>Expresso Oriente<\/strong><\/p>\n<p style=\"text-align: center;\">Formado em gest\u00e3o ambiental, o boa pinta Thiago Rossetti descobriu sua voca\u00e7\u00e3o para chef de cozinha na It\u00e1lia e a comida asi\u00e1tica na Inglaterra, onde estudou. Ele lan\u00e7ou o delivery marmita no Rio e entrega, de bike, caixas de del\u00edcias perfumadas como o polvo de dar \u00e1gua na boca e o egg noodlles com ovo caipira, macarr\u00e3o e vegetais.<\/p>\n<p style=\"text-align: center;\"><span style=\"font-size: 14pt;\"><strong>Para Refletir<\/strong><\/span><\/p>\n<p style=\"text-align: center;\">O futuro no consumo para a moda pode ser surreal. No momento, o consumidor est\u00e1 buscando o conforto. No p\u00f3s pandemia essa busca pode trazer reflex\u00f5es sobre a import\u00e2ncia do equil\u00edbrio na combina\u00e7\u00e3o conforto e sofistica\u00e7\u00e3o.<\/p>\n<div id=\"attachment_165179\" style=\"width: 690px\" class=\"wp-caption aligncenter\"><img loading=\"lazy\" decoding=\"async\" aria-describedby=\"caption-attachment-165179\" class=\"wp-image-165179\" src=\"https:\/\/diarioregionaldigital.com.br\/wp-content\/uploads\/2020\/07\/fotoa-12-e1595479475774.jpg\" alt=\"\" width=\"680\" height=\"517\" srcset=\"https:\/\/diarioregionaldigital.com.br\/wp-content\/uploads\/2020\/07\/fotoa-12-e1595479475774.jpg 1512w, https:\/\/diarioregionaldigital.com.br\/wp-content\/uploads\/2020\/07\/fotoa-12-e1595479475774-300x228.jpg 300w, https:\/\/diarioregionaldigital.com.br\/wp-content\/uploads\/2020\/07\/fotoa-12-e1595479475774-1024x778.jpg 1024w, https:\/\/diarioregionaldigital.com.br\/wp-content\/uploads\/2020\/07\/fotoa-12-e1595479475774-768x584.jpg 768w, https:\/\/diarioregionaldigital.com.br\/wp-content\/uploads\/2020\/07\/fotoa-12-e1595479475774-360x274.jpg 360w\" sizes=\"auto, (max-width: 680px) 100vw, 680px\" \/><p id=\"caption-attachment-165179\" class=\"wp-caption-text\">O artista pl\u00e1stico e professor Henrique Loti Criando quadro maravilhoso durante a pandemia<\/p><\/div>\n<div id=\"attachment_165180\" style=\"width: 690px\" class=\"wp-caption aligncenter\"><img loading=\"lazy\" decoding=\"async\" aria-describedby=\"caption-attachment-165180\" class=\"wp-image-165180\" src=\"https:\/\/diarioregionaldigital.com.br\/wp-content\/uploads\/2020\/07\/fotoaa-4-e1595479500167.jpg\" alt=\"\" width=\"680\" height=\"489\" srcset=\"https:\/\/diarioregionaldigital.com.br\/wp-content\/uploads\/2020\/07\/fotoaa-4-e1595479500167.jpg 526w, https:\/\/diarioregionaldigital.com.br\/wp-content\/uploads\/2020\/07\/fotoaa-4-e1595479500167-300x216.jpg 300w, https:\/\/diarioregionaldigital.com.br\/wp-content\/uploads\/2020\/07\/fotoaa-4-e1595479500167-360x259.jpg 360w\" sizes=\"auto, (max-width: 680px) 100vw, 680px\" \/><p id=\"caption-attachment-165180\" class=\"wp-caption-text\">Comemorando 30 anos de casados os queridos amigos deste colunista, Jos\u00e9 Eduardo de Oliveira e Claudia Braga<\/p><\/div>\n<div id=\"attachment_165181\" style=\"width: 690px\" class=\"wp-caption aligncenter\"><img loading=\"lazy\" decoding=\"async\" aria-describedby=\"caption-attachment-165181\" class=\"wp-image-165181\" src=\"https:\/\/diarioregionaldigital.com.br\/wp-content\/uploads\/2020\/07\/fotob-14-e1595479528891.jpg\" alt=\"\" width=\"680\" height=\"496\" srcset=\"https:\/\/diarioregionaldigital.com.br\/wp-content\/uploads\/2020\/07\/fotob-14-e1595479528891.jpg 711w, https:\/\/diarioregionaldigital.com.br\/wp-content\/uploads\/2020\/07\/fotob-14-e1595479528891-300x219.jpg 300w, https:\/\/diarioregionaldigital.com.br\/wp-content\/uploads\/2020\/07\/fotob-14-e1595479528891-360x263.jpg 360w\" sizes=\"auto, (max-width: 680px) 100vw, 680px\" \/><p id=\"caption-attachment-165181\" class=\"wp-caption-text\">A linda Marcella Savastano, em momento descontra\u00eddo<\/p><\/div>\n<div id=\"attachment_165182\" style=\"width: 690px\" class=\"wp-caption aligncenter\"><img loading=\"lazy\" decoding=\"async\" aria-describedby=\"caption-attachment-165182\" class=\"wp-image-165182\" src=\"https:\/\/diarioregionaldigital.com.br\/wp-content\/uploads\/2020\/07\/fotobb-5-e1595479566193.jpeg\" alt=\"\" width=\"680\" height=\"510\" srcset=\"https:\/\/diarioregionaldigital.com.br\/wp-content\/uploads\/2020\/07\/fotobb-5-e1595479566193.jpeg 960w, https:\/\/diarioregionaldigital.com.br\/wp-content\/uploads\/2020\/07\/fotobb-5-e1595479566193-300x225.jpeg 300w, https:\/\/diarioregionaldigital.com.br\/wp-content\/uploads\/2020\/07\/fotobb-5-e1595479566193-768x576.jpeg 768w, https:\/\/diarioregionaldigital.com.br\/wp-content\/uploads\/2020\/07\/fotobb-5-e1595479566193-360x270.jpeg 360w\" sizes=\"auto, (max-width: 680px) 100vw, 680px\" \/><p id=\"caption-attachment-165182\" class=\"wp-caption-text\">Curtindo isolamento em s\u00edtio em Lima Duarte Chris Ferreira<\/p><\/div>\n<div id=\"attachment_165183\" style=\"width: 690px\" class=\"wp-caption aligncenter\"><img loading=\"lazy\" decoding=\"async\" aria-describedby=\"caption-attachment-165183\" class=\"wp-image-165183\" src=\"https:\/\/diarioregionaldigital.com.br\/wp-content\/uploads\/2020\/07\/fotod-13-e1595479593913.jpg\" alt=\"\" width=\"680\" height=\"498\" srcset=\"https:\/\/diarioregionaldigital.com.br\/wp-content\/uploads\/2020\/07\/fotod-13-e1595479593913.jpg 1064w, https:\/\/diarioregionaldigital.com.br\/wp-content\/uploads\/2020\/07\/fotod-13-e1595479593913-300x220.jpg 300w, https:\/\/diarioregionaldigital.com.br\/wp-content\/uploads\/2020\/07\/fotod-13-e1595479593913-1024x750.jpg 1024w, https:\/\/diarioregionaldigital.com.br\/wp-content\/uploads\/2020\/07\/fotod-13-e1595479593913-768x562.jpg 768w, https:\/\/diarioregionaldigital.com.br\/wp-content\/uploads\/2020\/07\/fotod-13-e1595479593913-360x264.jpg 360w\" sizes=\"auto, (max-width: 680px) 100vw, 680px\" \/><p id=\"caption-attachment-165183\" class=\"wp-caption-text\">Direto da Europa para esta coluna o querido amigo Henrico Rodrigues<\/p><\/div>\n<div id=\"attachment_165184\" style=\"width: 690px\" class=\"wp-caption aligncenter\"><img loading=\"lazy\" decoding=\"async\" aria-describedby=\"caption-attachment-165184\" class=\"wp-image-165184\" src=\"https:\/\/diarioregionaldigital.com.br\/wp-content\/uploads\/2020\/07\/fotoe-12-e1595479650150.jpg\" alt=\"\" width=\"680\" height=\"521\" srcset=\"https:\/\/diarioregionaldigital.com.br\/wp-content\/uploads\/2020\/07\/fotoe-12-e1595479650150.jpg 944w, https:\/\/diarioregionaldigital.com.br\/wp-content\/uploads\/2020\/07\/fotoe-12-e1595479650150-300x230.jpg 300w, https:\/\/diarioregionaldigital.com.br\/wp-content\/uploads\/2020\/07\/fotoe-12-e1595479650150-768x588.jpg 768w, https:\/\/diarioregionaldigital.com.br\/wp-content\/uploads\/2020\/07\/fotoe-12-e1595479650150-360x276.jpg 360w\" sizes=\"auto, (max-width: 680px) 100vw, 680px\" \/><p id=\"caption-attachment-165184\" class=\"wp-caption-text\">Antes da pandemia, a percussionista Carla Friend deu show no Salvaterra<\/p><\/div>\n<div id=\"attachment_165185\" style=\"width: 690px\" class=\"wp-caption aligncenter\"><img loading=\"lazy\" decoding=\"async\" aria-describedby=\"caption-attachment-165185\" class=\"wp-image-165185\" src=\"https:\/\/diarioregionaldigital.com.br\/wp-content\/uploads\/2020\/07\/fotof-13-e1595479716432.jpg\" alt=\"\" width=\"680\" height=\"491\" srcset=\"https:\/\/diarioregionaldigital.com.br\/wp-content\/uploads\/2020\/07\/fotof-13-e1595479716432.jpg 542w, https:\/\/diarioregionaldigital.com.br\/wp-content\/uploads\/2020\/07\/fotof-13-e1595479716432-300x216.jpg 300w, https:\/\/diarioregionaldigital.com.br\/wp-content\/uploads\/2020\/07\/fotof-13-e1595479716432-360x260.jpg 360w\" sizes=\"auto, (max-width: 680px) 100vw, 680px\" \/><p id=\"caption-attachment-165185\" class=\"wp-caption-text\">Fazendo sucesso com sua lanchonete, o Casal 20, Deise Oliveira e Br\u00e1ulio Leite de Oliveira<\/p><\/div>\n<div id=\"attachment_165186\" style=\"width: 690px\" class=\"wp-caption aligncenter\"><img loading=\"lazy\" decoding=\"async\" aria-describedby=\"caption-attachment-165186\" class=\"wp-image-165186\" src=\"https:\/\/diarioregionaldigital.com.br\/wp-content\/uploads\/2020\/07\/fotoh-14-e1595479751757.jpg\" alt=\"\" width=\"680\" height=\"489\" srcset=\"https:\/\/diarioregionaldigital.com.br\/wp-content\/uploads\/2020\/07\/fotoh-14-e1595479751757.jpg 1078w, https:\/\/diarioregionaldigital.com.br\/wp-content\/uploads\/2020\/07\/fotoh-14-e1595479751757-300x216.jpg 300w, https:\/\/diarioregionaldigital.com.br\/wp-content\/uploads\/2020\/07\/fotoh-14-e1595479751757-1024x736.jpg 1024w, https:\/\/diarioregionaldigital.com.br\/wp-content\/uploads\/2020\/07\/fotoh-14-e1595479751757-768x552.jpg 768w, https:\/\/diarioregionaldigital.com.br\/wp-content\/uploads\/2020\/07\/fotoh-14-e1595479751757-360x259.jpg 360w\" sizes=\"auto, (max-width: 680px) 100vw, 680px\" \/><p id=\"caption-attachment-165186\" class=\"wp-caption-text\">Comemorando a vida antes do chegada do Coronav\u00edrus, os bonitos Fernanda Leite e Rodrigo Reis<\/p><\/div>\n<p style=\"text-align: center;\"><strong>FOTOSS\u00cdNTESE<\/strong><\/p>\n<p>Dando um aperto de saudade no meu tamborim indico curtir a live do cantor Will Olier Incasa, no dia 25 de julho, \u00e0s 19h, no Instagram @Will_olieroficial.<\/p>\n<p>Antenata e com olhos de lince, Rosane Carmanini Ferraz, respons\u00e1vel pelo arquivo fotogr\u00e1fico do Museu Mariano Proc\u00f3pio usou o YouTube para mostrar o v\u00eddeo que gravou apresentando itens raros da cole\u00e7\u00e3o do acervo hist\u00f3rico.<\/p>\n<p>Amigos e familiares j\u00e1 est\u00e3o se mobilizando para a comemora\u00e7\u00e3o dos 100 anos de dona Carolina de Assis Repetto.<\/p>\n<p>Em ritmo de solidariedade total o Movimento Equipe de Nossa Senhora, em parceira com a M\u00e3o Amiga, est\u00e1 arrecadando alimentos para fam\u00edlias em situa\u00e7\u00e3o de vulnerabilidade social.<\/p>\n<p>Com hist\u00f3ria para contar, os professores da UFJF Leandro Pereira Gon\u00e7alves e Odilon Caldeira Neto lan\u00e7aram com sucesso o livro \u201cO fascismo em camisas verdes: do integralismo neointegralismo\u201d.<\/p>\n<p>Formando um dos mais queridos casais da sociedade e classe art\u00edstica de Juiz de Fora, Malu e Jos\u00e9 Luiz Ribeiro comemoraram, 49 anos de casados.<\/p>\n<p>Refer\u00eancia como ped\u00f3logo, Luiz Ant\u00f4nio de Freitas mostra compet\u00eancia na Galeria Solar Flat, loja 130.<\/p>\n<p>Visualizando: Ins\u00f4nia e hor\u00e1rio desregulados se tornaram rotina na quarentena. Para o sil\u00eancio da noite fa\u00e7a medita\u00e7\u00e3o e aromaterapia para quem n\u00e3o quer recorrer a medicamentos. Bom dia.<\/p>\n<p><img loading=\"lazy\" decoding=\"async\" class=\"aligncenter size-full wp-image-165192\" src=\"https:\/\/diarioregionaldigital.com.br\/wp-content\/uploads\/2020\/07\/anuncio87-1-scaled.jpg\" alt=\"\" width=\"2560\" height=\"976\" srcset=\"https:\/\/diarioregionaldigital.com.br\/wp-content\/uploads\/2020\/07\/anuncio87-1-scaled.jpg 2560w, https:\/\/diarioregionaldigital.com.br\/wp-content\/uploads\/2020\/07\/anuncio87-1-300x114.jpg 300w, https:\/\/diarioregionaldigital.com.br\/wp-content\/uploads\/2020\/07\/anuncio87-1-1024x391.jpg 1024w, https:\/\/diarioregionaldigital.com.br\/wp-content\/uploads\/2020\/07\/anuncio87-1-768x293.jpg 768w, https:\/\/diarioregionaldigital.com.br\/wp-content\/uploads\/2020\/07\/anuncio87-1-1536x586.jpg 1536w, https:\/\/diarioregionaldigital.com.br\/wp-content\/uploads\/2020\/07\/anuncio87-1-2048x781.jpg 2048w, https:\/\/diarioregionaldigital.com.br\/wp-content\/uploads\/2020\/07\/anuncio87-1-360x137.jpg 360w\" sizes=\"auto, (max-width: 2560px) 100vw, 2560px\" \/><\/p>\n","protected":false},"excerpt":{"rendered":"<p>Em Alta Com sua miss\u00e3o de salvar vidas, o cirurgi\u00e3o vascular Paulo Gon\u00e7alves de Oliveira J\u00fanior est\u00e1 com tudo e n\u00e3o est\u00e1 prosa. Foi homenageado com a \u201cMedalha Ex\u00e9rcito Brasileiro\u201d por sua destacada atua\u00e7\u00e3o. Por 4 anos serviu as For\u00e7as Armadas e recentemente, recebeu tamb\u00e9m a medalha do centen\u00e1rio do Hospital Geral de Juiz de [&hellip;]<\/p>\n","protected":false},"author":96,"featured_media":165179,"comment_status":"closed","ping_status":"closed","sticky":false,"template":"","format":"standard","meta":{"footnotes":""},"categories":[264],"tags":[],"class_list":["post-165193","post","type-post","status-publish","format-standard","has-post-thumbnail","hentry","category-eduardo-gomes"],"_links":{"self":[{"href":"https:\/\/diarioregionaldigital.com.br\/index.php?rest_route=\/wp\/v2\/posts\/165193","targetHints":{"allow":["GET"]}}],"collection":[{"href":"https:\/\/diarioregionaldigital.com.br\/index.php?rest_route=\/wp\/v2\/posts"}],"about":[{"href":"https:\/\/diarioregionaldigital.com.br\/index.php?rest_route=\/wp\/v2\/types\/post"}],"author":[{"embeddable":true,"href":"https:\/\/diarioregionaldigital.com.br\/index.php?rest_route=\/wp\/v2\/users\/96"}],"replies":[{"embeddable":true,"href":"https:\/\/diarioregionaldigital.com.br\/index.php?rest_route=%2Fwp%2Fv2%2Fcomments&post=165193"}],"version-history":[{"count":0,"href":"https:\/\/diarioregionaldigital.com.br\/index.php?rest_route=\/wp\/v2\/posts\/165193\/revisions"}],"wp:featuredmedia":[{"embeddable":true,"href":"https:\/\/diarioregionaldigital.com.br\/index.php?rest_route=\/wp\/v2\/media\/165179"}],"wp:attachment":[{"href":"https:\/\/diarioregionaldigital.com.br\/index.php?rest_route=%2Fwp%2Fv2%2Fmedia&parent=165193"}],"wp:term":[{"taxonomy":"category","embeddable":true,"href":"https:\/\/diarioregionaldigital.com.br\/index.php?rest_route=%2Fwp%2Fv2%2Fcategories&post=165193"},{"taxonomy":"post_tag","embeddable":true,"href":"https:\/\/diarioregionaldigital.com.br\/index.php?rest_route=%2Fwp%2Fv2%2Ftags&post=165193"}],"curies":[{"name":"wp","href":"https:\/\/api.w.org\/{rel}","templated":true}]}}