{"id":165187,"date":"2020-07-22T21:07:08","date_gmt":"2020-07-23T00:07:08","guid":{"rendered":"https:\/\/diarioregionaldigital.com.br\/?p=165187"},"modified":"2020-07-22T21:07:08","modified_gmt":"2020-07-23T00:07:08","slug":"covid-19-brasil-registra-67-860-novos-casos-confirmados-em-24h","status":"publish","type":"post","link":"https:\/\/diarioregionaldigital.com.br\/?p=165187","title":{"rendered":"Covid-19: Brasil registra 67.860 novos casos confirmados em 24h"},"content":{"rendered":"<p>O n\u00famero de casos confirmados acumulados do novo coronav\u00edrus no Brasil chegou a 2.227.514. Hoje (22), no\u00a0painel do Minist\u00e9rio da Sa\u00fade,\u00a0pode-se observar o maior registro de novos diagn\u00f3sticos positivos de covid-19 em 24 horas desde o in\u00edcio da pandemia, 67.860.\u00a0<img decoding=\"async\" src=\"https:\/\/agenciabrasil.ebc.com.br\/ebc.png?id=1312100&amp;o=node\" \/><\/p>\n<p>O balan\u00e7o di\u00e1rio do minist\u00e9rio tamb\u00e9m mostra\u00a01.294 mortes registradas nas \u00faltimas 24 horas. O total de \u00f3bitos\u00a0chegou a 82.771.\u00a0\u00a0Ainda h\u00e1 3.795 mortes em investiga\u00e7\u00e3o.<\/p>\n<p>De acordo com Minist\u00e9rio da Sa\u00fade,\u00a01.532.138 pessoas se recuperaram da covid-19, ou seja, 68,8% das pessoas que contra\u00edram o v\u00edrus foram curadas. Agora\u00a0612.605 pacientes\u00a0est\u00e3o em acompanhamento.<\/p>\n<p>A taxa de letalidade (n\u00famero de mortes pelo total de casos) ficou em 3,7%. A mortalidade (quantidade de \u00f3bitos por 100 mil habitantes) atingiu 39,4. A incid\u00eancia dos casos de covid-19 por 100 mil habitantes \u00e9 de 1.060.<\/p>\n<p><strong>Covid-19 nos estados\u00a0<\/strong><\/p>\n<p>Os estados com mais registro de mortes s\u00e3o: S\u00e3o Paulo (20.532), Rio<span id=\"OBJ_PREFIX_DWT1974_com_zimbra_date\" role=\"link\">\u00a0de Janeiro<\/span>\u00a0(12.443), Cear\u00e1 (7.317), Pernambuco (6.152) e Par\u00e1 (5.581). As Unidades da Federa\u00e7\u00e3o com menos falecimentos pela pandemia s\u00e3o: Mato Grosso do Sul (257), Tocantins (315), Roraima (451), Acre (470) e Amap\u00e1 (544).<\/p>\n<p><strong>Fonte:\u00a0<\/strong>Ag\u00eancia Brasil<\/p>\n","protected":false},"excerpt":{"rendered":"<p>O n\u00famero de casos confirmados acumulados do novo coronav\u00edrus no Brasil chegou a 2.227.514. Hoje (22), no\u00a0painel do Minist\u00e9rio da Sa\u00fade,\u00a0pode-se observar o maior registro de novos diagn\u00f3sticos positivos de covid-19 em 24 horas desde o in\u00edcio da pandemia, 67.860.\u00a0 O balan\u00e7o di\u00e1rio do minist\u00e9rio tamb\u00e9m mostra\u00a01.294 mortes registradas nas \u00faltimas 24 horas. O total [&hellip;]<\/p>\n","protected":false},"author":96,"featured_media":165188,"comment_status":"closed","ping_status":"closed","sticky":false,"template":"","format":"standard","meta":{"footnotes":""},"categories":[302,436,440,439],"tags":[],"class_list":["post-165187","post","type-post","status-publish","format-standard","has-post-thumbnail","hentry","category-brasil-mundo","category-destaque-da-semana","category-destaques-do-dia","category-ultima-hora"],"_links":{"self":[{"href":"https:\/\/diarioregionaldigital.com.br\/index.php?rest_route=\/wp\/v2\/posts\/165187","targetHints":{"allow":["GET"]}}],"collection":[{"href":"https:\/\/diarioregionaldigital.com.br\/index.php?rest_route=\/wp\/v2\/posts"}],"about":[{"href":"https:\/\/diarioregionaldigital.com.br\/index.php?rest_route=\/wp\/v2\/types\/post"}],"author":[{"embeddable":true,"href":"https:\/\/diarioregionaldigital.com.br\/index.php?rest_route=\/wp\/v2\/users\/96"}],"replies":[{"embeddable":true,"href":"https:\/\/diarioregionaldigital.com.br\/index.php?rest_route=%2Fwp%2Fv2%2Fcomments&post=165187"}],"version-history":[{"count":0,"href":"https:\/\/diarioregionaldigital.com.br\/index.php?rest_route=\/wp\/v2\/posts\/165187\/revisions"}],"wp:featuredmedia":[{"embeddable":true,"href":"https:\/\/diarioregionaldigital.com.br\/index.php?rest_route=\/wp\/v2\/media\/165188"}],"wp:attachment":[{"href":"https:\/\/diarioregionaldigital.com.br\/index.php?rest_route=%2Fwp%2Fv2%2Fmedia&parent=165187"}],"wp:term":[{"taxonomy":"category","embeddable":true,"href":"https:\/\/diarioregionaldigital.com.br\/index.php?rest_route=%2Fwp%2Fv2%2Fcategories&post=165187"},{"taxonomy":"post_tag","embeddable":true,"href":"https:\/\/diarioregionaldigital.com.br\/index.php?rest_route=%2Fwp%2Fv2%2Ftags&post=165187"}],"curies":[{"name":"wp","href":"https:\/\/api.w.org\/{rel}","templated":true}]}}