{"id":165175,"date":"2020-07-22T18:54:02","date_gmt":"2020-07-22T21:54:02","guid":{"rendered":"https:\/\/diarioregionaldigital.com.br\/?p=165175"},"modified":"2020-07-22T18:54:02","modified_gmt":"2020-07-22T21:54:02","slug":"coronavirus-juiz-de-fora-nao-tem-morte-registrada-em-novo-boletim","status":"publish","type":"post","link":"https:\/\/diarioregionaldigital.com.br\/?p=165175","title":{"rendered":"Coronav\u00edrus: Juiz de Fora n\u00e3o tem morte registrada em novo boletim"},"content":{"rendered":"<p>O novo boletim divulgado nesta quarta-feira (22), pela Secretaria de Sa\u00fade (SS) da Prefeitura de Juiz de Fora (PJF), n\u00e3o obteve nenhuma morte registrada por Coronav\u00edrus. Segundo levantamento, o munic\u00edpio teve mais 57 pessoas infectadas, contabilizando 3.164 novos casos confirmados. Com as atualiza\u00e7\u00f5es, mais 197 novas suspeitas, totalizando 12.029.<\/p>\n<p><strong>Leitos<\/strong><\/p>\n<p>Segundo informa\u00e7\u00f5es da PJF, os leitos de enfermaria est\u00e3o com 59,06% de ocupa\u00e7\u00e3o. J\u00e1 os os leitos de UTI e SUS, est\u00e3o com taxa de 75,36% e 84,00% respectivamente.<\/p>\n","protected":false},"excerpt":{"rendered":"<p>O novo boletim divulgado nesta quarta-feira (22), pela Secretaria de Sa\u00fade (SS) da Prefeitura de Juiz de Fora (PJF), n\u00e3o obteve nenhuma morte registrada por Coronav\u00edrus. Segundo levantamento, o munic\u00edpio teve mais 57 pessoas infectadas, contabilizando 3.164 novos casos confirmados. Com as atualiza\u00e7\u00f5es, mais 197 novas suspeitas, totalizando 12.029. Leitos Segundo informa\u00e7\u00f5es da PJF, os [&hellip;]<\/p>\n","protected":false},"author":96,"featured_media":164872,"comment_status":"closed","ping_status":"closed","sticky":false,"template":"","format":"standard","meta":{"footnotes":""},"categories":[253,436,440,439],"tags":[],"class_list":["post-165175","post","type-post","status-publish","format-standard","has-post-thumbnail","hentry","category-cidade","category-destaque-da-semana","category-destaques-do-dia","category-ultima-hora"],"_links":{"self":[{"href":"https:\/\/diarioregionaldigital.com.br\/index.php?rest_route=\/wp\/v2\/posts\/165175","targetHints":{"allow":["GET"]}}],"collection":[{"href":"https:\/\/diarioregionaldigital.com.br\/index.php?rest_route=\/wp\/v2\/posts"}],"about":[{"href":"https:\/\/diarioregionaldigital.com.br\/index.php?rest_route=\/wp\/v2\/types\/post"}],"author":[{"embeddable":true,"href":"https:\/\/diarioregionaldigital.com.br\/index.php?rest_route=\/wp\/v2\/users\/96"}],"replies":[{"embeddable":true,"href":"https:\/\/diarioregionaldigital.com.br\/index.php?rest_route=%2Fwp%2Fv2%2Fcomments&post=165175"}],"version-history":[{"count":0,"href":"https:\/\/diarioregionaldigital.com.br\/index.php?rest_route=\/wp\/v2\/posts\/165175\/revisions"}],"wp:featuredmedia":[{"embeddable":true,"href":"https:\/\/diarioregionaldigital.com.br\/index.php?rest_route=\/wp\/v2\/media\/164872"}],"wp:attachment":[{"href":"https:\/\/diarioregionaldigital.com.br\/index.php?rest_route=%2Fwp%2Fv2%2Fmedia&parent=165175"}],"wp:term":[{"taxonomy":"category","embeddable":true,"href":"https:\/\/diarioregionaldigital.com.br\/index.php?rest_route=%2Fwp%2Fv2%2Fcategories&post=165175"},{"taxonomy":"post_tag","embeddable":true,"href":"https:\/\/diarioregionaldigital.com.br\/index.php?rest_route=%2Fwp%2Fv2%2Ftags&post=165175"}],"curies":[{"name":"wp","href":"https:\/\/api.w.org\/{rel}","templated":true}]}}