{"id":165169,"date":"2020-07-22T17:50:48","date_gmt":"2020-07-22T20:50:48","guid":{"rendered":"https:\/\/diarioregionaldigital.com.br\/?p=165169"},"modified":"2020-07-22T17:50:48","modified_gmt":"2020-07-22T20:50:48","slug":"novo-reservatorio-de-agua-do-bairro-santa-terezinha-ja-esta-70-concluido","status":"publish","type":"post","link":"https:\/\/diarioregionaldigital.com.br\/?p=165169","title":{"rendered":"Novo reservat\u00f3rio de \u00e1gua do Bairro Santa Terezinha j\u00e1 est\u00e1 70% conclu\u00eddo"},"content":{"rendered":"<p>s obras de implanta\u00e7\u00e3o do novo reservat\u00f3rio de \u00e1gua da Companhia de Saneamento Municipal (Cesama) no Bairro Santa Terezinha j\u00e1 est\u00e3o 70% finalizadas. Localizada na Rua Tupi, a unidade deve entrar em opera\u00e7\u00e3o em agosto, com capacidade de quatro milh\u00f5es de litros, ampliando assim o sistema de reserva do Munic\u00edpio.<\/p>\n<p>Os trabalhos tiveram in\u00edcio em novembro, e agora est\u00e3o em fase final de execu\u00e7\u00e3o. \u201cEstamos finalizando o acabamento externo das instala\u00e7\u00f5es, incluindo a guarita. No s\u00e1bado, 25, executaremos tamb\u00e9m parte do servi\u00e7o de interliga\u00e7\u00e3o da unidade com o nosso sistema\u201d, anunciou o diretor de Desenvolvimento e Expans\u00e3o da Cesama, Marcelo Mello do Amaral.<\/p>\n<p>Representando investimento de cerca de R$ 5,2 milh\u00f5es, o reservat\u00f3rio conta com tecnologia inovadora, pois sua estrutura \u00e9 feita de a\u00e7o vitrificado. \u201cEsse material possui vida \u00fatil muito maior que a dos demais utilizados na \u00e1rea, al\u00e9m de tornar a manuten\u00e7\u00e3o significativamente mais f\u00e1cil\u201d, afirmou Marcelo.<\/p>\n<p><strong>Fonte:\u00a0<\/strong>Assessoria<\/p>\n","protected":false},"excerpt":{"rendered":"<p>s obras de implanta\u00e7\u00e3o do novo reservat\u00f3rio de \u00e1gua da Companhia de Saneamento Municipal (Cesama) no Bairro Santa Terezinha j\u00e1 est\u00e3o 70% finalizadas. Localizada na Rua Tupi, a unidade deve entrar em opera\u00e7\u00e3o em agosto, com capacidade de quatro milh\u00f5es de litros, ampliando assim o sistema de reserva do Munic\u00edpio. Os trabalhos tiveram in\u00edcio em [&hellip;]<\/p>\n","protected":false},"author":96,"featured_media":165170,"comment_status":"closed","ping_status":"closed","sticky":false,"template":"","format":"standard","meta":{"footnotes":""},"categories":[253,436,439],"tags":[],"class_list":["post-165169","post","type-post","status-publish","format-standard","has-post-thumbnail","hentry","category-cidade","category-destaque-da-semana","category-ultima-hora"],"_links":{"self":[{"href":"https:\/\/diarioregionaldigital.com.br\/index.php?rest_route=\/wp\/v2\/posts\/165169","targetHints":{"allow":["GET"]}}],"collection":[{"href":"https:\/\/diarioregionaldigital.com.br\/index.php?rest_route=\/wp\/v2\/posts"}],"about":[{"href":"https:\/\/diarioregionaldigital.com.br\/index.php?rest_route=\/wp\/v2\/types\/post"}],"author":[{"embeddable":true,"href":"https:\/\/diarioregionaldigital.com.br\/index.php?rest_route=\/wp\/v2\/users\/96"}],"replies":[{"embeddable":true,"href":"https:\/\/diarioregionaldigital.com.br\/index.php?rest_route=%2Fwp%2Fv2%2Fcomments&post=165169"}],"version-history":[{"count":0,"href":"https:\/\/diarioregionaldigital.com.br\/index.php?rest_route=\/wp\/v2\/posts\/165169\/revisions"}],"wp:featuredmedia":[{"embeddable":true,"href":"https:\/\/diarioregionaldigital.com.br\/index.php?rest_route=\/wp\/v2\/media\/165170"}],"wp:attachment":[{"href":"https:\/\/diarioregionaldigital.com.br\/index.php?rest_route=%2Fwp%2Fv2%2Fmedia&parent=165169"}],"wp:term":[{"taxonomy":"category","embeddable":true,"href":"https:\/\/diarioregionaldigital.com.br\/index.php?rest_route=%2Fwp%2Fv2%2Fcategories&post=165169"},{"taxonomy":"post_tag","embeddable":true,"href":"https:\/\/diarioregionaldigital.com.br\/index.php?rest_route=%2Fwp%2Fv2%2Ftags&post=165169"}],"curies":[{"name":"wp","href":"https:\/\/api.w.org\/{rel}","templated":true}]}}