{"id":165167,"date":"2020-07-22T17:48:07","date_gmt":"2020-07-22T20:48:07","guid":{"rendered":"https:\/\/diarioregionaldigital.com.br\/?p=165167"},"modified":"2020-07-22T17:48:07","modified_gmt":"2020-07-22T20:48:07","slug":"suspeito-por-se-passar-por-policial-civil-e-preso-em-juiz-de-fora","status":"publish","type":"post","link":"https:\/\/diarioregionaldigital.com.br\/?p=165167","title":{"rendered":"Suspeito por se passar por Policial Civil \u00e9 preso em Juiz de Fora"},"content":{"rendered":"<p>Um homem de 32 anos, foi preso pela Pol\u00edcia Civil de Minas Gerais (PCMG) em um posto de gasolina em Juiz de Fora, o qual era suspeito por se passar por policial civil. <span style=\"font-weight: 400;\">Ele foi abordado por uma equipe da 1\u00aa Delegacia, em um posto de combust\u00edveis, localizado na Rua Padre Caf\u00e9, onde estava com duas v\u00edtimas. Tamb\u00e9m foi apreendido um simulacro de arma de fogo.<\/span><\/p>\n<p><span style=\"font-weight: 400;\">De acordo com o Delegado Luciano Vidal, investiga\u00e7\u00f5es apontam que ele estaria extorquindo um idoso, de 66 anos, e a noiva dele, 50 anos, apresentando-se como policial civil, em raz\u00e3o de um acidente de tr\u00e2nsito ocorrido no dia 8 de julho.\u00a0 \u201cOcorreu esse acidente na Avenida Deusdedith Salgado envolvendo o idoso, que conduzia um ve\u00edculo Volkswagen Gol, e o suspeito, que estava pilotando a motocicleta dele. Na \u00e9poca, o investigado caiu da moto e, ao se levantar, j\u00e1 foi amea\u00e7ando as v\u00edtimas com uma arma e se identificando como policial civil. Depois, ele teria entrado em contato com o idoso, informando que o conserto da moto ficaria em R$9 mil, mas a v\u00edtima havia explicado que n\u00e3o tinha dinheiro para efetuar o pagamento da quantia. A partir disso, ele come\u00e7ou a fazer amea\u00e7as\u201d, contou, complementando que o homem tamb\u00e9m passou a exigir que o pagamento fosse feito com o ve\u00edculo da v\u00edtima, como forma de ressarcir os danos causados.\u00a0<\/span><\/p>\n<p>Segundo informa\u00e7\u00f5es, o autor era conhecido no meio policial, por envolvimento em crime de furto. <span style=\"font-weight: 400;\">Ainda conforme o Delegado, o homem foi conduzido at\u00e9 a 1\u00aa Delegacia de Pol\u00edcia Civil, onde teve o flagrante ratificado pelos crimes de tentativa de extors\u00e3o e de falsa identidade. Ele foi encaminhado ao sistema prisional, permanecendo \u00e0 disposi\u00e7\u00e3o da Justi\u00e7a.<\/span><\/p>\n","protected":false},"excerpt":{"rendered":"<p>Um homem de 32 anos, foi preso pela Pol\u00edcia Civil de Minas Gerais (PCMG) em um posto de gasolina em Juiz de Fora, o qual era suspeito por se passar por policial civil. Ele foi abordado por uma equipe da 1\u00aa Delegacia, em um posto de combust\u00edveis, localizado na Rua Padre Caf\u00e9, onde estava com [&hellip;]<\/p>\n","protected":false},"author":96,"featured_media":163194,"comment_status":"closed","ping_status":"closed","sticky":false,"template":"","format":"standard","meta":{"footnotes":""},"categories":[301,436,439],"tags":[],"class_list":["post-165167","post","type-post","status-publish","format-standard","has-post-thumbnail","hentry","category-artigos-policiais","category-destaque-da-semana","category-ultima-hora"],"_links":{"self":[{"href":"https:\/\/diarioregionaldigital.com.br\/index.php?rest_route=\/wp\/v2\/posts\/165167","targetHints":{"allow":["GET"]}}],"collection":[{"href":"https:\/\/diarioregionaldigital.com.br\/index.php?rest_route=\/wp\/v2\/posts"}],"about":[{"href":"https:\/\/diarioregionaldigital.com.br\/index.php?rest_route=\/wp\/v2\/types\/post"}],"author":[{"embeddable":true,"href":"https:\/\/diarioregionaldigital.com.br\/index.php?rest_route=\/wp\/v2\/users\/96"}],"replies":[{"embeddable":true,"href":"https:\/\/diarioregionaldigital.com.br\/index.php?rest_route=%2Fwp%2Fv2%2Fcomments&post=165167"}],"version-history":[{"count":0,"href":"https:\/\/diarioregionaldigital.com.br\/index.php?rest_route=\/wp\/v2\/posts\/165167\/revisions"}],"wp:featuredmedia":[{"embeddable":true,"href":"https:\/\/diarioregionaldigital.com.br\/index.php?rest_route=\/wp\/v2\/media\/163194"}],"wp:attachment":[{"href":"https:\/\/diarioregionaldigital.com.br\/index.php?rest_route=%2Fwp%2Fv2%2Fmedia&parent=165167"}],"wp:term":[{"taxonomy":"category","embeddable":true,"href":"https:\/\/diarioregionaldigital.com.br\/index.php?rest_route=%2Fwp%2Fv2%2Fcategories&post=165167"},{"taxonomy":"post_tag","embeddable":true,"href":"https:\/\/diarioregionaldigital.com.br\/index.php?rest_route=%2Fwp%2Fv2%2Ftags&post=165167"}],"curies":[{"name":"wp","href":"https:\/\/api.w.org\/{rel}","templated":true}]}}