{"id":165164,"date":"2020-07-22T17:42:33","date_gmt":"2020-07-22T20:42:33","guid":{"rendered":"https:\/\/diarioregionaldigital.com.br\/?p=165164"},"modified":"2020-07-22T17:42:33","modified_gmt":"2020-07-22T20:42:33","slug":"aviao-cai-sobre-telhado-de-empresa-de-mineracao-em-sao-joao-del-rey","status":"publish","type":"post","link":"https:\/\/diarioregionaldigital.com.br\/?p=165164","title":{"rendered":"Avi\u00e3o cai sobre telhado de empresa de minera\u00e7\u00e3o em S\u00e3o Jo\u00e3o Del Rey"},"content":{"rendered":"<p>Um piloto preparava para pousar <span style=\"font-weight: 400;\">no Aeroporto Municipal Prefeito Oct\u00e1vio de Almeida Neves, em S\u00e3o Jo\u00e3o Del Rey, quando em um determinado momento veio a perder o controle e a aeronave caiu sobre um telhado de uma empresa de minera\u00e7\u00e3o. O Corpo de Bombeiros foi acionado e oito militares trabalharam no resgate a v\u00edtima, que foi encontrada consciente e com ferimentos leves e tamb\u00e9m na retirada da aeronave no telhado.<\/span><\/p>\n","protected":false},"excerpt":{"rendered":"<p>Um piloto preparava para pousar no Aeroporto Municipal Prefeito Oct\u00e1vio de Almeida Neves, em S\u00e3o Jo\u00e3o Del Rey, quando em um determinado momento veio a perder o controle e a aeronave caiu sobre um telhado de uma empresa de minera\u00e7\u00e3o. O Corpo de Bombeiros foi acionado e oito militares trabalharam no resgate a v\u00edtima, que [&hellip;]<\/p>\n","protected":false},"author":96,"featured_media":165165,"comment_status":"closed","ping_status":"closed","sticky":false,"template":"","format":"standard","meta":{"footnotes":""},"categories":[436,252,439],"tags":[],"class_list":["post-165164","post","type-post","status-publish","format-standard","has-post-thumbnail","hentry","category-destaque-da-semana","category-regiao","category-ultima-hora"],"_links":{"self":[{"href":"https:\/\/diarioregionaldigital.com.br\/index.php?rest_route=\/wp\/v2\/posts\/165164","targetHints":{"allow":["GET"]}}],"collection":[{"href":"https:\/\/diarioregionaldigital.com.br\/index.php?rest_route=\/wp\/v2\/posts"}],"about":[{"href":"https:\/\/diarioregionaldigital.com.br\/index.php?rest_route=\/wp\/v2\/types\/post"}],"author":[{"embeddable":true,"href":"https:\/\/diarioregionaldigital.com.br\/index.php?rest_route=\/wp\/v2\/users\/96"}],"replies":[{"embeddable":true,"href":"https:\/\/diarioregionaldigital.com.br\/index.php?rest_route=%2Fwp%2Fv2%2Fcomments&post=165164"}],"version-history":[{"count":0,"href":"https:\/\/diarioregionaldigital.com.br\/index.php?rest_route=\/wp\/v2\/posts\/165164\/revisions"}],"wp:featuredmedia":[{"embeddable":true,"href":"https:\/\/diarioregionaldigital.com.br\/index.php?rest_route=\/wp\/v2\/media\/165165"}],"wp:attachment":[{"href":"https:\/\/diarioregionaldigital.com.br\/index.php?rest_route=%2Fwp%2Fv2%2Fmedia&parent=165164"}],"wp:term":[{"taxonomy":"category","embeddable":true,"href":"https:\/\/diarioregionaldigital.com.br\/index.php?rest_route=%2Fwp%2Fv2%2Fcategories&post=165164"},{"taxonomy":"post_tag","embeddable":true,"href":"https:\/\/diarioregionaldigital.com.br\/index.php?rest_route=%2Fwp%2Fv2%2Ftags&post=165164"}],"curies":[{"name":"wp","href":"https:\/\/api.w.org\/{rel}","templated":true}]}}