{"id":165161,"date":"2020-07-22T17:32:56","date_gmt":"2020-07-22T20:32:56","guid":{"rendered":"https:\/\/diarioregionaldigital.com.br\/?p=165161"},"modified":"2020-07-22T17:32:56","modified_gmt":"2020-07-22T20:32:56","slug":"secretario-de-saude-explica-atualizacao-de-obitos-da-covid-19-em-minas","status":"publish","type":"post","link":"https:\/\/diarioregionaldigital.com.br\/?p=165161","title":{"rendered":"Secret\u00e1rio de Sa\u00fade explica atualiza\u00e7\u00e3o de \u00f3bitos da covid-19 em Minas"},"content":{"rendered":"<p><main class=\"clear margin-md-bottom-3\"><\/p>\n<div class=\"clear \">\n<p>O secret\u00e1rio de Estado de Sa\u00fade de Minas Gerais, Carlos Eduardo Amaral, solicitou aos gestores municipais que notifiquem a\u00a0Secretaria de Estado de Sa\u00fade (SES-MG)\u00a0dos \u00f3bitos por covid-19 da forma mais r\u00e1pida poss\u00edvel. \u201cIsso \u00e9 importante para que possamos apresentar informa\u00e7\u00f5es atualizadas num intervalo de tempo mais curto entre a ocorr\u00eancia do \u00f3bito e a sua confirma\u00e7\u00e3o pela SES-MG\u201d, disse em coletiva virtual nesta quarta-feira (22\/7).<\/p>\n<p>Nas \u00faltimas 24\u00a0horas, o Estado confirmou 95 \u00f3bitos. O secret\u00e1rio explicou que, geralmente, h\u00e1 um atraso na notifica\u00e7\u00e3o de mortes que ocorrem de sexta-feira a domingo. \u201cH\u00e1 uma tend\u00eancia de ac\u00famulo na segunda-feira. As informa\u00e7\u00f5es chegam para a SES-MG na ter\u00e7a, quando as equipes fazem a consolida\u00e7\u00e3o dos dados, e eles s\u00e3o confirmados no boletim da quarta-feira. Nos \u00faltimos \u00f3bitos tivemos um atraso m\u00e9dio de dois a seis dias da confirma\u00e7\u00e3o\u201d detalhou.<\/p>\n<p>Conforme os c\u00e1lculos da pasta, a m\u00e9dia de atraso nessas confirma\u00e7\u00f5es fica em torno de dez dias para 80% dos \u00f3bitos. \u201cO n\u00famero apresentado hoje n\u00e3o necessariamente refere-se a \u00f3bitos que ocorreram ontem\u201d, frisou o secret\u00e1rio.<\/p>\n<p><strong>Interioriza\u00e7\u00e3o<\/strong><\/p>\n<p>O secret\u00e1rio de Estado Adjunto, Marcelo Cabral, destacou que a movimenta\u00e7\u00e3o da epidemia em Minas aponta uma interioriza\u00e7\u00e3o j\u00e1 esperada. \u201cTodo nosso planejamento fez com que tiv\u00e9ssemos condi\u00e7\u00f5es de estruturar nossa rede, deixando-a sustent\u00e1vel para atender \u00e0 popula\u00e7\u00e3o\u201d, ressaltou.<\/p>\n<p>Minas Gerais registra, at\u00e9 o momento, 98.741 casos confirmados, 71.478 recuperados e 2.166 \u00f3bitos. O estado apresenta uma das menores taxas de \u00f3bitos por 100 mil habitantes do Brasil. O resultado, segundo Carlos Eduardo Amaral, pode ser atribu\u00eddo \u00e0 coopera\u00e7\u00e3o e ao engajamento da popula\u00e7\u00e3o nas medidas de higiene e distanciamento. \u201cPrecisamos seguir com os cuidados de preven\u00e7\u00e3o necess\u00e1rios para que possamos manter esse desempenho e ter uma libera\u00e7\u00e3o progressiva das orienta\u00e7\u00f5es de isolamento\u201d, afirmou o secret\u00e1rio.<\/p>\n<p><strong>Fonte:<\/strong> Ag\u00eancia Minas<\/p>\n<\/div>\n<p><\/main><\/p>\n","protected":false},"excerpt":{"rendered":"<p>O secret\u00e1rio de Estado de Sa\u00fade de Minas Gerais, Carlos Eduardo Amaral, solicitou aos gestores municipais que notifiquem a\u00a0Secretaria de Estado de Sa\u00fade (SES-MG)\u00a0dos \u00f3bitos por covid-19 da forma mais r\u00e1pida poss\u00edvel. \u201cIsso \u00e9 importante para que possamos apresentar informa\u00e7\u00f5es atualizadas num intervalo de tempo mais curto entre a ocorr\u00eancia do \u00f3bito e a sua [&hellip;]<\/p>\n","protected":false},"author":96,"featured_media":165162,"comment_status":"closed","ping_status":"closed","sticky":false,"template":"","format":"standard","meta":{"footnotes":""},"categories":[436,252,439],"tags":[],"class_list":["post-165161","post","type-post","status-publish","format-standard","has-post-thumbnail","hentry","category-destaque-da-semana","category-regiao","category-ultima-hora"],"_links":{"self":[{"href":"https:\/\/diarioregionaldigital.com.br\/index.php?rest_route=\/wp\/v2\/posts\/165161","targetHints":{"allow":["GET"]}}],"collection":[{"href":"https:\/\/diarioregionaldigital.com.br\/index.php?rest_route=\/wp\/v2\/posts"}],"about":[{"href":"https:\/\/diarioregionaldigital.com.br\/index.php?rest_route=\/wp\/v2\/types\/post"}],"author":[{"embeddable":true,"href":"https:\/\/diarioregionaldigital.com.br\/index.php?rest_route=\/wp\/v2\/users\/96"}],"replies":[{"embeddable":true,"href":"https:\/\/diarioregionaldigital.com.br\/index.php?rest_route=%2Fwp%2Fv2%2Fcomments&post=165161"}],"version-history":[{"count":0,"href":"https:\/\/diarioregionaldigital.com.br\/index.php?rest_route=\/wp\/v2\/posts\/165161\/revisions"}],"wp:featuredmedia":[{"embeddable":true,"href":"https:\/\/diarioregionaldigital.com.br\/index.php?rest_route=\/wp\/v2\/media\/165162"}],"wp:attachment":[{"href":"https:\/\/diarioregionaldigital.com.br\/index.php?rest_route=%2Fwp%2Fv2%2Fmedia&parent=165161"}],"wp:term":[{"taxonomy":"category","embeddable":true,"href":"https:\/\/diarioregionaldigital.com.br\/index.php?rest_route=%2Fwp%2Fv2%2Fcategories&post=165161"},{"taxonomy":"post_tag","embeddable":true,"href":"https:\/\/diarioregionaldigital.com.br\/index.php?rest_route=%2Fwp%2Fv2%2Ftags&post=165161"}],"curies":[{"name":"wp","href":"https:\/\/api.w.org\/{rel}","templated":true}]}}