{"id":165158,"date":"2020-07-22T17:29:56","date_gmt":"2020-07-22T20:29:56","guid":{"rendered":"https:\/\/diarioregionaldigital.com.br\/?p=165158"},"modified":"2020-07-22T17:29:56","modified_gmt":"2020-07-22T20:29:56","slug":"procon-jf-orienta-consumidor-onde-buscar-informacoes-sobre-auxilio-emergencial","status":"publish","type":"post","link":"https:\/\/diarioregionaldigital.com.br\/?p=165158","title":{"rendered":"Procon\/JF orienta consumidor onde buscar informa\u00e7\u00f5es sobre aux\u00edlio emergencial"},"content":{"rendered":"<p>Devido \u00e0s reclama\u00e7\u00f5es que a Ag\u00eancia de Prote\u00e7\u00e3o e Direito do Consumidor (Procon\/JF) tem recebido sobre aux\u00edlio emergencial, sejam porque o cidad\u00e3o n\u00e3o conseguiu o benef\u00edcio, teve d\u00favidas a respeito do cadastro, ou quer denunciar eventuais irregularidades, o Procon\/JF orienta a popula\u00e7\u00e3o onde conseguir informa\u00e7\u00f5es seguras e de f\u00e1cil acesso.<\/p>\n<p>O aux\u00edlio emergencial \u00e9 benef\u00edcio financeiro do Governo federal, destinado a trabalhadores informais, aut\u00f4nomos, desempregados e microempreendedores individuais (MEI) afetados pela pandemia (covid-19), no valor de R$ 600, pagos por tr\u00eas meses at\u00e9 para duas pessoas da mesma fam\u00edlia, ou R$ 1.200, quitados mensalmente para fam\u00edlias onde a mulher \u00e9 a \u00fanica provedora da casa. Portanto, por n\u00e3o se tratar de rela\u00e7\u00e3o de consumo, o Procon n\u00e3o tem autonomia para resolver qualquer situa\u00e7\u00e3o relacionada a este tema.<\/p>\n<p>A orienta\u00e7\u00e3o dada atrav\u00e9s do superintendente do Procon\/JF, Eduardo Schr\u00f6der, \u00e9 de que o cidad\u00e3o entre em contato com a Caixa Econ\u00f4mica Federal, pelo telefone 111, destinado a informa\u00e7\u00f5es, ou no aplicativo de celular desta mesma ag\u00eancia banc\u00e1ria, o \u201cCaixa Tem\u201d: \u201cEle pode solicitar a corre\u00e7\u00e3o de dados no site, caso o aux\u00edlio tenha sido negado, pois o mesmo leva em considera\u00e7\u00e3o se a pessoa \u00e9 funcion\u00e1ria p\u00fablica ou n\u00e3o, se est\u00e1 recebendo algum outro benef\u00edcio ou n\u00e3o, se est\u00e1 cadastrada no Cad\u00fanico (Cadastro \u00danico para Programas Sociais do Governo Federal) ou n\u00e3o, e a popula\u00e7\u00e3o pode contestar a resposta recebida pelo pr\u00f3prio aplicativo, caso n\u00e3o tenha sido satisfat\u00f3ria\u201d.<\/p>\n<p>Nos casos em que o cidad\u00e3o n\u00e3o concordar com a resposta desta contesta\u00e7\u00e3o, poder\u00e1 utilizar o site da Ouvidoria do Governo Brasileiro, \u201cFala.BR\u201d, cadastrar-se e selecionar o encaminhamento do pedido ao Dataprev, que \u00e9 a Empresa de Tecnologia e Informa\u00e7\u00e3o da Previd\u00eancia, vinculada ao Minist\u00e9rio da Economia, respons\u00e1vel pela gest\u00e3o da Base de Dados Sociais Brasileira.<\/p>\n<p><strong>Fonte:<\/strong> Assessoria<\/p>\n","protected":false},"excerpt":{"rendered":"<p>Devido \u00e0s reclama\u00e7\u00f5es que a Ag\u00eancia de Prote\u00e7\u00e3o e Direito do Consumidor (Procon\/JF) tem recebido sobre aux\u00edlio emergencial, sejam porque o cidad\u00e3o n\u00e3o conseguiu o benef\u00edcio, teve d\u00favidas a respeito do cadastro, ou quer denunciar eventuais irregularidades, o Procon\/JF orienta a popula\u00e7\u00e3o onde conseguir informa\u00e7\u00f5es seguras e de f\u00e1cil acesso. O aux\u00edlio emergencial \u00e9 benef\u00edcio [&hellip;]<\/p>\n","protected":false},"author":96,"featured_media":165159,"comment_status":"closed","ping_status":"closed","sticky":false,"template":"","format":"standard","meta":{"footnotes":""},"categories":[253,436,439],"tags":[],"class_list":["post-165158","post","type-post","status-publish","format-standard","has-post-thumbnail","hentry","category-cidade","category-destaque-da-semana","category-ultima-hora"],"_links":{"self":[{"href":"https:\/\/diarioregionaldigital.com.br\/index.php?rest_route=\/wp\/v2\/posts\/165158","targetHints":{"allow":["GET"]}}],"collection":[{"href":"https:\/\/diarioregionaldigital.com.br\/index.php?rest_route=\/wp\/v2\/posts"}],"about":[{"href":"https:\/\/diarioregionaldigital.com.br\/index.php?rest_route=\/wp\/v2\/types\/post"}],"author":[{"embeddable":true,"href":"https:\/\/diarioregionaldigital.com.br\/index.php?rest_route=\/wp\/v2\/users\/96"}],"replies":[{"embeddable":true,"href":"https:\/\/diarioregionaldigital.com.br\/index.php?rest_route=%2Fwp%2Fv2%2Fcomments&post=165158"}],"version-history":[{"count":0,"href":"https:\/\/diarioregionaldigital.com.br\/index.php?rest_route=\/wp\/v2\/posts\/165158\/revisions"}],"wp:featuredmedia":[{"embeddable":true,"href":"https:\/\/diarioregionaldigital.com.br\/index.php?rest_route=\/wp\/v2\/media\/165159"}],"wp:attachment":[{"href":"https:\/\/diarioregionaldigital.com.br\/index.php?rest_route=%2Fwp%2Fv2%2Fmedia&parent=165158"}],"wp:term":[{"taxonomy":"category","embeddable":true,"href":"https:\/\/diarioregionaldigital.com.br\/index.php?rest_route=%2Fwp%2Fv2%2Fcategories&post=165158"},{"taxonomy":"post_tag","embeddable":true,"href":"https:\/\/diarioregionaldigital.com.br\/index.php?rest_route=%2Fwp%2Fv2%2Ftags&post=165158"}],"curies":[{"name":"wp","href":"https:\/\/api.w.org\/{rel}","templated":true}]}}