{"id":165155,"date":"2020-07-22T17:27:50","date_gmt":"2020-07-22T20:27:50","guid":{"rendered":"https:\/\/diarioregionaldigital.com.br\/?p=165155"},"modified":"2020-07-22T17:27:50","modified_gmt":"2020-07-22T20:27:50","slug":"obra-do-viaduto-engenheiro-renato-jose-abramo-esta-em-fase-final","status":"publish","type":"post","link":"https:\/\/diarioregionaldigital.com.br\/?p=165155","title":{"rendered":"Obra do Viaduto \u201cEngenheiro Renato Jos\u00e9 Abramo\u201d est\u00e1 em fase final"},"content":{"rendered":"<p><span style=\"font-weight: 400;\">A constru\u00e7\u00e3o do Viaduto \u201cEngenheiro Renato Jos\u00e9 Abramo\u201d, que interligar\u00e1 os bairros Santa Teresa e Po\u00e7o Rico, est\u00e1 em fase final. Na manh\u00e3 dessa quarta-feira (22), o prefeito Ant\u00f4nio Almas conferiu os trabalhos, junto com o secret\u00e1rio de Obras, Amaury Couri. Com previs\u00e3o de ser entregue ainda este ano, o viaduto melhorar\u00e1 a mobilidade urbana e facilitar\u00e1 o acesso. \u201cPrincipalmente quem vem da regi\u00e3o norte \u00e0 sul, e o inverso, estar\u00e1 muito favorecido, pois \u00e9 liga\u00e7\u00e3o direta, atrav\u00e9s da Avenida Brasil, sem ter que passar pelo Centro, proporcionando mais agilidade no tr\u00e2nsito. Poderemos, tamb\u00e9m, discutir outros trajetos, para melhorar o tr\u00e2nsito e a circula\u00e7\u00e3o de \u00f4nibus na cidade\u201d, anunciou o prefeito.<\/span><\/p>\n<p><span style=\"font-weight: 400;\">A obra, or\u00e7ada em cerca de R$ 11 milh\u00f5es, tem recursos provenientes da Secretaria de Estado de Transportes e Obras P\u00fablicas (Setop). A estrutura, composta por dois viadutos independentes, tem 290 metros e quatro pistas, que funcionar\u00e3o em m\u00e3o dupla. A constru\u00e7\u00e3o da terra armada de ambos os lados e a superestrutura est\u00e3o conclu\u00eddas, e as lajes de transi\u00e7\u00e3o e rampas de acesso est\u00e3o em fase final de execu\u00e7\u00e3o.\u00a0<\/span><\/p>\n<p><span style=\"font-weight: 400;\">O guarda-corpo da passagem de pedestres j\u00e1 est\u00e1 sendo instalado em um dos lados. Paralelo a isso, est\u00e1 sendo constru\u00edda rede de drenagem com 360 metros de extens\u00e3o e 1,20m de di\u00e2metro, que tem por objetivo minimizar os alagamentos recorrentes na Rua Os\u00f3rio de Almeida, no Po\u00e7o Rico. Al\u00e9m disso, ser\u00e3o feitos, tamb\u00e9m, os novos acessos e obras complementares, como muros, passeios e meio-fio. Este viaduto ter\u00e1 ilumina\u00e7\u00e3o em led, servi\u00e7o que ser\u00e1 executado pelo setor el\u00e9trico e de ilumina\u00e7\u00e3o da Prefeitura de Juiz de Fora (PJF).<\/span><\/p>\n<p><strong>Fonte:<\/strong> Assessoria<\/p>\n","protected":false},"excerpt":{"rendered":"<p>A constru\u00e7\u00e3o do Viaduto \u201cEngenheiro Renato Jos\u00e9 Abramo\u201d, que interligar\u00e1 os bairros Santa Teresa e Po\u00e7o Rico, est\u00e1 em fase final. Na manh\u00e3 dessa quarta-feira (22), o prefeito Ant\u00f4nio Almas conferiu os trabalhos, junto com o secret\u00e1rio de Obras, Amaury Couri. Com previs\u00e3o de ser entregue ainda este ano, o viaduto melhorar\u00e1 a mobilidade urbana [&hellip;]<\/p>\n","protected":false},"author":96,"featured_media":165156,"comment_status":"closed","ping_status":"closed","sticky":false,"template":"","format":"standard","meta":{"footnotes":""},"categories":[253,436,439],"tags":[],"class_list":["post-165155","post","type-post","status-publish","format-standard","has-post-thumbnail","hentry","category-cidade","category-destaque-da-semana","category-ultima-hora"],"_links":{"self":[{"href":"https:\/\/diarioregionaldigital.com.br\/index.php?rest_route=\/wp\/v2\/posts\/165155","targetHints":{"allow":["GET"]}}],"collection":[{"href":"https:\/\/diarioregionaldigital.com.br\/index.php?rest_route=\/wp\/v2\/posts"}],"about":[{"href":"https:\/\/diarioregionaldigital.com.br\/index.php?rest_route=\/wp\/v2\/types\/post"}],"author":[{"embeddable":true,"href":"https:\/\/diarioregionaldigital.com.br\/index.php?rest_route=\/wp\/v2\/users\/96"}],"replies":[{"embeddable":true,"href":"https:\/\/diarioregionaldigital.com.br\/index.php?rest_route=%2Fwp%2Fv2%2Fcomments&post=165155"}],"version-history":[{"count":0,"href":"https:\/\/diarioregionaldigital.com.br\/index.php?rest_route=\/wp\/v2\/posts\/165155\/revisions"}],"wp:featuredmedia":[{"embeddable":true,"href":"https:\/\/diarioregionaldigital.com.br\/index.php?rest_route=\/wp\/v2\/media\/165156"}],"wp:attachment":[{"href":"https:\/\/diarioregionaldigital.com.br\/index.php?rest_route=%2Fwp%2Fv2%2Fmedia&parent=165155"}],"wp:term":[{"taxonomy":"category","embeddable":true,"href":"https:\/\/diarioregionaldigital.com.br\/index.php?rest_route=%2Fwp%2Fv2%2Fcategories&post=165155"},{"taxonomy":"post_tag","embeddable":true,"href":"https:\/\/diarioregionaldigital.com.br\/index.php?rest_route=%2Fwp%2Fv2%2Ftags&post=165155"}],"curies":[{"name":"wp","href":"https:\/\/api.w.org\/{rel}","templated":true}]}}