{"id":165152,"date":"2020-07-22T17:24:03","date_gmt":"2020-07-22T20:24:03","guid":{"rendered":"https:\/\/diarioregionaldigital.com.br\/?p=165152"},"modified":"2020-07-22T17:24:03","modified_gmt":"2020-07-22T20:24:03","slug":"residencia-pega-fogo-no-bairro-francisco-bernardino","status":"publish","type":"post","link":"https:\/\/diarioregionaldigital.com.br\/?p=165152","title":{"rendered":"Resid\u00eancia pega fogo no Bairro Francisco Bernardino"},"content":{"rendered":"<p><span style=\"font-weight: 400;\">Uma resid\u00eancia localizada no Bairro Francisco Bernardino (Regi\u00e3o Noroeste), entrou em chamas ap\u00f3s haver uma explos\u00e3o dentro do im\u00f3vel, na noite de ter\u00e7a-feira (21) em Juiz de Fora. O Corpo de Bombeiros foi acionado e segundo informa\u00e7\u00f5es do solicitante, haviam duas pessoas dentro da resid\u00eancia.<\/span><\/p>\n<p><span style=\"font-weight: 400;\">Quando as viaturas dos bombeiros chegaram no local, os dois moradores da casa j\u00e1 estavam do lado de fora e um deles estava sendo atendido por uma equipe do SAMU. Com isso, os bombeiros realizaram os primeiros socorros da outra v\u00edtima e, posteriormente, a entregaram para a equipe do SAMU. <\/span><span style=\"font-weight: 400;\">Posteriormente os dois moradores foram encaminhados para o Hospital Pronto Socorro (HPS).<\/span><\/p>\n<p><span style=\"font-weight: 400;\">Os bombeiros fizeram avalia\u00e7\u00e3o do local e a resid\u00eancia foi interditada.O im\u00f3vel<\/span><span style=\"font-weight: 400;\"> ao lado tamb\u00e9m foi desocupado, pois havia o risco iminente de desabamento da casa onde ocorreu a explos\u00e3o. Segundo informa\u00e7\u00f5es dos bombeiros, n\u00e3o se sabe a causa do incidente, uma vez que o botij\u00e3o de g\u00e1s estava cheio e n\u00e3o havia sinais de vazamento.<\/span><\/p>\n","protected":false},"excerpt":{"rendered":"<p>Uma resid\u00eancia localizada no Bairro Francisco Bernardino (Regi\u00e3o Noroeste), entrou em chamas ap\u00f3s haver uma explos\u00e3o dentro do im\u00f3vel, na noite de ter\u00e7a-feira (21) em Juiz de Fora. O Corpo de Bombeiros foi acionado e segundo informa\u00e7\u00f5es do solicitante, haviam duas pessoas dentro da resid\u00eancia. Quando as viaturas dos bombeiros chegaram no local, os dois [&hellip;]<\/p>\n","protected":false},"author":96,"featured_media":165153,"comment_status":"closed","ping_status":"closed","sticky":false,"template":"","format":"standard","meta":{"footnotes":""},"categories":[253,436,439],"tags":[],"class_list":["post-165152","post","type-post","status-publish","format-standard","has-post-thumbnail","hentry","category-cidade","category-destaque-da-semana","category-ultima-hora"],"_links":{"self":[{"href":"https:\/\/diarioregionaldigital.com.br\/index.php?rest_route=\/wp\/v2\/posts\/165152","targetHints":{"allow":["GET"]}}],"collection":[{"href":"https:\/\/diarioregionaldigital.com.br\/index.php?rest_route=\/wp\/v2\/posts"}],"about":[{"href":"https:\/\/diarioregionaldigital.com.br\/index.php?rest_route=\/wp\/v2\/types\/post"}],"author":[{"embeddable":true,"href":"https:\/\/diarioregionaldigital.com.br\/index.php?rest_route=\/wp\/v2\/users\/96"}],"replies":[{"embeddable":true,"href":"https:\/\/diarioregionaldigital.com.br\/index.php?rest_route=%2Fwp%2Fv2%2Fcomments&post=165152"}],"version-history":[{"count":0,"href":"https:\/\/diarioregionaldigital.com.br\/index.php?rest_route=\/wp\/v2\/posts\/165152\/revisions"}],"wp:featuredmedia":[{"embeddable":true,"href":"https:\/\/diarioregionaldigital.com.br\/index.php?rest_route=\/wp\/v2\/media\/165153"}],"wp:attachment":[{"href":"https:\/\/diarioregionaldigital.com.br\/index.php?rest_route=%2Fwp%2Fv2%2Fmedia&parent=165152"}],"wp:term":[{"taxonomy":"category","embeddable":true,"href":"https:\/\/diarioregionaldigital.com.br\/index.php?rest_route=%2Fwp%2Fv2%2Fcategories&post=165152"},{"taxonomy":"post_tag","embeddable":true,"href":"https:\/\/diarioregionaldigital.com.br\/index.php?rest_route=%2Fwp%2Fv2%2Ftags&post=165152"}],"curies":[{"name":"wp","href":"https:\/\/api.w.org\/{rel}","templated":true}]}}