{"id":165149,"date":"2020-07-22T17:14:11","date_gmt":"2020-07-22T20:14:11","guid":{"rendered":"https:\/\/diarioregionaldigital.com.br\/?p=165149"},"modified":"2020-08-17T18:39:25","modified_gmt":"2020-08-17T21:39:25","slug":"pesquisa-aponta-que-pandemia-do-coronavirus-em-juiz-de-fora-estaria-controlada-se-isolamento-nao-tivesse-sido-flexibilizado","status":"publish","type":"post","link":"https:\/\/diarioregionaldigital.com.br\/?p=165149","title":{"rendered":"Pesquisa aponta que pandemia do Coronav\u00edrus em Juiz de Fora estaria controlada, se isolamento n\u00e3o tivesse sido flexibilizado"},"content":{"rendered":"<p><span style=\"font-weight: 400;\">Um estudo feito por grupo de pesquisadores da Universidade Federal de Juiz de Fora (UFJF), indica que a pandemia do Coronav\u00edrus no munic\u00edpio estaria sob controle, se o isolamento social n\u00e3o tivesse sido flexibilizado. No entanto, a cidade tem tido aumento do n\u00famero de casos confirmados da doen\u00e7a e conforme\u00a0 nota t\u00e9cnica publicada pelo Programa de P\u00f3s-Gradua\u00e7\u00e3o em Modelagem Computacional (PGMC) prev\u00ea mais de 5000 casos acumulados at\u00e9 o final de julho caso estas medidas continuem no n\u00edvel atual.\u00a0\u00a0<\/span><\/p>\n<p><span style=\"font-weight: 400;\">Segundo um dos pesquisadores do projeto, Rodrigo Weber, aponta que \u201cSe isolamento social n\u00e3o tivesse sido flexibilizado, ter\u00edamos um n\u00famero total de confirmados abaixo de 2000 casos at\u00e9 o final de julho, a pandemia j\u00e1 estaria sob controle\u201d.<\/span><\/p>\n<p><span style=\"font-weight: 400;\">Al\u00e9m disso, a estimativa feita pelos pesquisadores mostra que se as medidas de isolamento social voltarem ao n\u00edvel observado antes do dia 3 de junho, o cen\u00e1rio muda e seriam previstos 4000 casos at\u00e9 o final de julho. Para Rodrigo, um isolamento social mais eficaz ser\u00e1 fundamental para a redu\u00e7\u00e3o da velocidade de transmiss\u00e3o da doen\u00e7a:<\/span><\/p>\n<p><span style=\"font-weight: 400;\">\u201cUm isolamento social mais eficaz beneficiaria a cidade, reduzindo a velocidade de transmiss\u00e3o e antecipando a fase de estabiliza\u00e7\u00e3o, ou mesmo a fase de decaimento do n\u00famero de infectados. Dessa forma, o isolamento \u00e9 bom tamb\u00e9m para a economia, pois trazendo o pico e a estabilidade para mais cedo, podemos come\u00e7ar a reabertura mais rapidamente\u201d.<\/span><\/p>\n<p><b>Estimativa para o final do m\u00eas<\/b><\/p>\n<p><span style=\"font-weight: 400;\">Segundo os dados da pesquisa, existem tr\u00eas cen\u00e1rios distintos para os pr\u00f3ximos 15 dias: a continua\u00e7\u00e3o do cen\u00e1rio atual, um cen\u00e1rio otimista e um cen\u00e1rio pessimista. O estudo utilizou os cen\u00e1rios pessimista e otimista, cujas proje\u00e7\u00f5es s\u00e3o de mais de 800 mil casos confirmados de Covid-19 no Brasil, 104 mil em Minas Gerais, 4.014 em Juiz de Fora e 105 em S\u00e3o Jo\u00e3o Del Rei para o dia 28 de julho. O mesmo ocorre para o n\u00famero de \u00f3bitos.<\/span><\/p>\n<p><span style=\"font-weight: 400;\">Al\u00e9m disso, a pesquisa indica que uma pol\u00edtica de isolamento mais restritiva e eficaz pode salvar dez mil pessoas no Brasil nas pr\u00f3ximas duas semanas.<\/span><\/p>\n<p><b>M\u00e9todo utilizado\u00a0<\/b><\/p>\n<p><span style=\"font-weight: 400;\">Ao fazerem an\u00e1lise e compara\u00e7\u00f5es das previs\u00f5es anteriores, os pesquisadores notaram que os valores notificados para infectados, \u00f3bitos, interna\u00e7\u00f5es hospitalares em leitos simples e em leitos de UTI estavam dentro das faixas das previs\u00f5es ou muito pr\u00f3ximos destas, o que d\u00e1 credibilidade ao m\u00e9todo adotado.<\/span><\/p>\n<p><span style=\"font-weight: 400;\">Al\u00e9m disso, o grupo de pesquisadores notou queda da taxa de isolamento social no estado de Minas Gerais. A estimativa de 18 de abril sugeria que 60% da popula\u00e7\u00e3o se encontrava isolamento social. A nova aponta para cerca de 48% da popula\u00e7\u00e3o em distanciamento social volunt\u00e1rio.\u00a0<\/span><\/p>\n<p><span style=\"font-weight: 400;\">A nota foi feita em parceira com o departamento de Ci\u00eancia da Computa\u00e7\u00e3o da Universidade Federal de S\u00e3o Jo\u00e3o Del Rei (UFSJ), pelos pesquisadores Ruy Freitas e Rodrigo Weber (UFJF) e Rafael Sachetto Oliveira e Carolina Ribeiro Xavier (UFSJ).<\/span><\/p>\n<p>&nbsp;<\/p>\n","protected":false},"excerpt":{"rendered":"<p>Um estudo feito por grupo de pesquisadores da Universidade Federal de Juiz de Fora (UFJF), indica que a pandemia do Coronav\u00edrus no munic\u00edpio estaria sob controle, se o isolamento social n\u00e3o tivesse sido flexibilizado. No entanto, a cidade tem tido aumento do n\u00famero de casos confirmados da doen\u00e7a e conforme\u00a0 nota t\u00e9cnica publicada pelo Programa [&hellip;]<\/p>\n","protected":false},"author":96,"featured_media":165150,"comment_status":"closed","ping_status":"closed","sticky":false,"template":"","format":"standard","meta":{"footnotes":""},"categories":[253,436,440,439],"tags":[],"class_list":["post-165149","post","type-post","status-publish","format-standard","has-post-thumbnail","hentry","category-cidade","category-destaque-da-semana","category-destaques-do-dia","category-ultima-hora"],"_links":{"self":[{"href":"https:\/\/diarioregionaldigital.com.br\/index.php?rest_route=\/wp\/v2\/posts\/165149","targetHints":{"allow":["GET"]}}],"collection":[{"href":"https:\/\/diarioregionaldigital.com.br\/index.php?rest_route=\/wp\/v2\/posts"}],"about":[{"href":"https:\/\/diarioregionaldigital.com.br\/index.php?rest_route=\/wp\/v2\/types\/post"}],"author":[{"embeddable":true,"href":"https:\/\/diarioregionaldigital.com.br\/index.php?rest_route=\/wp\/v2\/users\/96"}],"replies":[{"embeddable":true,"href":"https:\/\/diarioregionaldigital.com.br\/index.php?rest_route=%2Fwp%2Fv2%2Fcomments&post=165149"}],"version-history":[{"count":0,"href":"https:\/\/diarioregionaldigital.com.br\/index.php?rest_route=\/wp\/v2\/posts\/165149\/revisions"}],"wp:featuredmedia":[{"embeddable":true,"href":"https:\/\/diarioregionaldigital.com.br\/index.php?rest_route=\/wp\/v2\/media\/165150"}],"wp:attachment":[{"href":"https:\/\/diarioregionaldigital.com.br\/index.php?rest_route=%2Fwp%2Fv2%2Fmedia&parent=165149"}],"wp:term":[{"taxonomy":"category","embeddable":true,"href":"https:\/\/diarioregionaldigital.com.br\/index.php?rest_route=%2Fwp%2Fv2%2Fcategories&post=165149"},{"taxonomy":"post_tag","embeddable":true,"href":"https:\/\/diarioregionaldigital.com.br\/index.php?rest_route=%2Fwp%2Fv2%2Ftags&post=165149"}],"curies":[{"name":"wp","href":"https:\/\/api.w.org\/{rel}","templated":true}]}}