{"id":165099,"date":"2020-07-22T10:26:38","date_gmt":"2020-07-22T13:26:38","guid":{"rendered":"https:\/\/diarioregionaldigital.com.br\/?p=165099"},"modified":"2020-07-22T10:26:38","modified_gmt":"2020-07-22T13:26:38","slug":"caixa-credita-hoje-parcela-do-auxilio-emergencial","status":"publish","type":"post","link":"https:\/\/diarioregionaldigital.com.br\/?p=165099","title":{"rendered":"Caixa credita hoje parcela do aux\u00edlio emergencial"},"content":{"rendered":"<p>A Caixa credita\u00a0hoje\u00a0(22) a primeira parcela do aux\u00edlio emergencial para benefici\u00e1rios nascidos em janeiro. Os benefici\u00e1rios entram no ciclo 1 do novo\u00a0calend\u00e1rio de pagamento, que passou a ser organizado em ciclos de cr\u00e9dito na poupan\u00e7a social digital e saque em esp\u00e9cie.<img decoding=\"async\" src=\"https:\/\/agenciabrasil.ebc.com.br\/ebc.png?id=1312032&amp;o=node\" \/><\/p>\n<p>Aqueles que v\u00e3o receber a primeira parcela do aux\u00edlio emergencial no ciclo 1 fizeram o cadastro entre\u00a017 de junho\u00a0e\u00a02 de julho. O cr\u00e9dito e o saque s\u00e3o escalonados pelo m\u00eas de anivers\u00e1rio.<\/p>\n<p>Segundo esse calend\u00e1rio, nascidos em janeiro recebem no dia 22; em fevereiro, em\u00a024 de julho; em mar\u00e7o,\u00a029 de julho; em abril,\u00a031 de julho; em maio,\u00a05 de agosto; em junho,\u00a07 de agosto; em julho,\u00a012 de agosto; em agosto,\u00a014 de agosto; em setembro,\u00a017 de agosto; em outubro,\u00a019 de agosto; em novembro,\u00a021 de agosto; e em dezembro,\u00a026 de agosto. O saque em dinheiro ser\u00e1 entre os dias\u00a025 de julho\u00a0e\u00a017 de setembro.<\/p>\n<p><strong>Outras parcelas<\/strong><\/p>\n<p>Tamb\u00e9m recebem\u00a0hoje\u00a0os benefici\u00e1rios nascidos em janeiro que tenham recebido a primeira parcela em abril de 2020. Nesse caso, ser\u00e1 feito o cr\u00e9dito da\u00a0quarta\u00a0parcela<\/p>\n<p>Os benefici\u00e1rios que tenham recebido a primeira parcela em maio de 2020 receber\u00e3o o cr\u00e9dito da terceira parcela em poupan\u00e7a social digital seguindo o mesmo cronograma.<\/p>\n<p>Esse cronograma tamb\u00e9m ser\u00e1 v\u00e1lido para os benefici\u00e1rios que receberam a primeira parcela em junho de 2020 ou at\u00e9\u00a04 de julho\u00a0de 2020. Nesse caso, ser\u00e1 feito o cr\u00e9dito da\u00a0segunda\u00a0parcela.<\/p>\n<p><strong>Fonte:\u00a0<\/strong>Ag\u00eancia Brasil<\/p>\n","protected":false},"excerpt":{"rendered":"<p>A Caixa credita\u00a0hoje\u00a0(22) a primeira parcela do aux\u00edlio emergencial para benefici\u00e1rios nascidos em janeiro. Os benefici\u00e1rios entram no ciclo 1 do novo\u00a0calend\u00e1rio de pagamento, que passou a ser organizado em ciclos de cr\u00e9dito na poupan\u00e7a social digital e saque em esp\u00e9cie. Aqueles que v\u00e3o receber a primeira parcela do aux\u00edlio emergencial no ciclo 1 fizeram [&hellip;]<\/p>\n","protected":false},"author":96,"featured_media":165100,"comment_status":"closed","ping_status":"closed","sticky":false,"template":"","format":"standard","meta":{"footnotes":""},"categories":[436,261,439],"tags":[],"class_list":["post-165099","post","type-post","status-publish","format-standard","has-post-thumbnail","hentry","category-destaque-da-semana","category-economia","category-ultima-hora"],"_links":{"self":[{"href":"https:\/\/diarioregionaldigital.com.br\/index.php?rest_route=\/wp\/v2\/posts\/165099","targetHints":{"allow":["GET"]}}],"collection":[{"href":"https:\/\/diarioregionaldigital.com.br\/index.php?rest_route=\/wp\/v2\/posts"}],"about":[{"href":"https:\/\/diarioregionaldigital.com.br\/index.php?rest_route=\/wp\/v2\/types\/post"}],"author":[{"embeddable":true,"href":"https:\/\/diarioregionaldigital.com.br\/index.php?rest_route=\/wp\/v2\/users\/96"}],"replies":[{"embeddable":true,"href":"https:\/\/diarioregionaldigital.com.br\/index.php?rest_route=%2Fwp%2Fv2%2Fcomments&post=165099"}],"version-history":[{"count":0,"href":"https:\/\/diarioregionaldigital.com.br\/index.php?rest_route=\/wp\/v2\/posts\/165099\/revisions"}],"wp:featuredmedia":[{"embeddable":true,"href":"https:\/\/diarioregionaldigital.com.br\/index.php?rest_route=\/wp\/v2\/media\/165100"}],"wp:attachment":[{"href":"https:\/\/diarioregionaldigital.com.br\/index.php?rest_route=%2Fwp%2Fv2%2Fmedia&parent=165099"}],"wp:term":[{"taxonomy":"category","embeddable":true,"href":"https:\/\/diarioregionaldigital.com.br\/index.php?rest_route=%2Fwp%2Fv2%2Fcategories&post=165099"},{"taxonomy":"post_tag","embeddable":true,"href":"https:\/\/diarioregionaldigital.com.br\/index.php?rest_route=%2Fwp%2Fv2%2Ftags&post=165099"}],"curies":[{"name":"wp","href":"https:\/\/api.w.org\/{rel}","templated":true}]}}