{"id":165093,"date":"2020-07-22T10:16:56","date_gmt":"2020-07-22T13:16:56","guid":{"rendered":"https:\/\/diarioregionaldigital.com.br\/?p=165093"},"modified":"2020-07-22T10:16:56","modified_gmt":"2020-07-22T13:16:56","slug":"bolsonaro-tem-novo-teste-positivo-para-covid-19","status":"publish","type":"post","link":"https:\/\/diarioregionaldigital.com.br\/?p=165093","title":{"rendered":"Bolsonaro tem novo teste positivo para covid-19"},"content":{"rendered":"<div class=\"post-item-wrap\">\n<p>O\u00a0novo exame\u00a0do presidente Jair Bolsonaro,\u00a0divulgado nesta\u00a0quarta-feira (22), feito\u00a0para verificar se\u00a0ele\u00a0ainda est\u00e1 com\u00a0covid-19,\u00a0teve resultado\u00a0positivo.\u00a0\u201cO presidente Jair Bolsonaro segue em boa evolu\u00e7\u00e3o de sa\u00fade, sendo acompanhado pela equipe m\u00e9dica da Presid\u00eancia da Rep\u00fablica\u201d, informou em nota a Secretaria Especial de Comunica\u00e7\u00e3o Social.<img decoding=\"async\" src=\"https:\/\/agenciabrasil.ebc.com.br\/ebc.png?id=1312037&amp;o=node\" \/><\/p>\n<p>Bolsonaro tem 65 anos e est\u00e1 em\u00a0tratamento desde o \u00faltimo dia\u00a07, quando teve o diagn\u00f3stico positivo para o novo coronav\u00edrus. Desde ent\u00e3o, ele segue em isolamento no Pal\u00e1cio da Alvorada, onde tem se reunido com ministros por videoconfer\u00eancia. Na semana passada, ele chegou a fazer um novo teste, que ainda detectou a\u00a0presen\u00e7a ativa do v\u00edrus.<\/p>\n<p><strong>Fonte:\u00a0<\/strong>Ag\u00eancia Brasil<\/p>\n<\/div>\n","protected":false},"excerpt":{"rendered":"<p>O\u00a0novo exame\u00a0do presidente Jair Bolsonaro,\u00a0divulgado nesta\u00a0quarta-feira (22), feito\u00a0para verificar se\u00a0ele\u00a0ainda est\u00e1 com\u00a0covid-19,\u00a0teve resultado\u00a0positivo.\u00a0\u201cO presidente Jair Bolsonaro segue em boa evolu\u00e7\u00e3o de sa\u00fade, sendo acompanhado pela equipe m\u00e9dica da Presid\u00eancia da Rep\u00fablica\u201d, informou em nota a Secretaria Especial de Comunica\u00e7\u00e3o Social. Bolsonaro tem 65 anos e est\u00e1 em\u00a0tratamento desde o \u00faltimo dia\u00a07, quando teve o diagn\u00f3stico [&hellip;]<\/p>\n","protected":false},"author":96,"featured_media":165094,"comment_status":"closed","ping_status":"closed","sticky":false,"template":"","format":"standard","meta":{"footnotes":""},"categories":[436,440,254,439],"tags":[],"class_list":["post-165093","post","type-post","status-publish","format-standard","has-post-thumbnail","hentry","category-destaque-da-semana","category-destaques-do-dia","category-politica","category-ultima-hora"],"_links":{"self":[{"href":"https:\/\/diarioregionaldigital.com.br\/index.php?rest_route=\/wp\/v2\/posts\/165093","targetHints":{"allow":["GET"]}}],"collection":[{"href":"https:\/\/diarioregionaldigital.com.br\/index.php?rest_route=\/wp\/v2\/posts"}],"about":[{"href":"https:\/\/diarioregionaldigital.com.br\/index.php?rest_route=\/wp\/v2\/types\/post"}],"author":[{"embeddable":true,"href":"https:\/\/diarioregionaldigital.com.br\/index.php?rest_route=\/wp\/v2\/users\/96"}],"replies":[{"embeddable":true,"href":"https:\/\/diarioregionaldigital.com.br\/index.php?rest_route=%2Fwp%2Fv2%2Fcomments&post=165093"}],"version-history":[{"count":0,"href":"https:\/\/diarioregionaldigital.com.br\/index.php?rest_route=\/wp\/v2\/posts\/165093\/revisions"}],"wp:featuredmedia":[{"embeddable":true,"href":"https:\/\/diarioregionaldigital.com.br\/index.php?rest_route=\/wp\/v2\/media\/165094"}],"wp:attachment":[{"href":"https:\/\/diarioregionaldigital.com.br\/index.php?rest_route=%2Fwp%2Fv2%2Fmedia&parent=165093"}],"wp:term":[{"taxonomy":"category","embeddable":true,"href":"https:\/\/diarioregionaldigital.com.br\/index.php?rest_route=%2Fwp%2Fv2%2Fcategories&post=165093"},{"taxonomy":"post_tag","embeddable":true,"href":"https:\/\/diarioregionaldigital.com.br\/index.php?rest_route=%2Fwp%2Fv2%2Ftags&post=165093"}],"curies":[{"name":"wp","href":"https:\/\/api.w.org\/{rel}","templated":true}]}}