{"id":165078,"date":"2020-07-22T06:00:47","date_gmt":"2020-07-22T09:00:47","guid":{"rendered":"https:\/\/diarioregionaldigital.com.br\/?p=165078"},"modified":"2020-07-22T03:25:05","modified_gmt":"2020-07-22T06:25:05","slug":"drinques","status":"publish","type":"post","link":"https:\/\/diarioregionaldigital.com.br\/?p=165078","title":{"rendered":"Drinques"},"content":{"rendered":"<p style=\"text-align: center;\"><strong>Gatilho<\/strong><\/p>\n<p style=\"text-align: center;\">Com rumo definido, os professores de hist\u00f3ria da UFJF, Leandro Pereira Gon\u00e7alves e Odilon Caldeira Neto, lan\u00e7aram o livro \u201cO fascismo em camisas verdes: do Integralismo ao neointegralismo\u201d, com selo da FGV Editora. Foi durante um \u201cWebinar\u201d com o jornalista Octavio Guedes, no YouTube da funda\u00e7\u00e3o.<\/p>\n<p style=\"text-align: center;\"><strong>Quadro de Avisos<\/strong><\/p>\n<p style=\"text-align: center;\">Movido pelo arroubo afetivo, o Protocolo JF foi uma bela iniciativa para realizar teste de Coronav\u00edrus em 2,5% da popula\u00e7\u00e3o da cidade, montadas em duas tendas nos Shoppings Independ\u00eancia e Jardim Norte. O programa foi idealizado por S\u00e9rgio Bara e a auto avalia\u00e7\u00e3o feita por um aplicativo Dados do Bem.<\/p>\n<p style=\"text-align: center;\"><strong>Drinques <\/strong><\/p>\n<p style=\"text-align: center;\">Para animar quem sente falta das festas julinas, o barman Yure Tolentino do Bar Quartinho lan\u00e7ou em delivery as batidas e drinques para a temporada. Em garrafinhas decoradas ele prepara batidinhas de caju com Wasabi e de coco queimado, cereja com Martine, abacaxi e hortel\u00e3 com espumante e o famosos quent\u00e3o. As bebidas prometem matar a sede de quem est\u00e1 com saudades das festas julinas.<\/p>\n<p style=\"text-align: center;\"><span style=\"font-size: 14pt;\"><strong>Para Refletir<\/strong><\/span><\/p>\n<p style=\"text-align: center;\">Dever\u00edamos trabalhar oito horas e dedicar as outras 16 ao \u00f3cio, ao lazer, ao sono, \u00e0 medita\u00e7\u00e3o t\u00e3o lindo e t\u00e3o irreal. Nietzche dizia: \u201cAquele que n\u00e3o disp\u00f5e de dois ter\u00e7os do dia para s\u00ed \u00e9 um escravo\u201d.<\/p>\n<div id=\"attachment_165068\" style=\"width: 690px\" class=\"wp-caption aligncenter\"><img loading=\"lazy\" decoding=\"async\" aria-describedby=\"caption-attachment-165068\" class=\"wp-image-165068\" src=\"https:\/\/diarioregionaldigital.com.br\/wp-content\/uploads\/2020\/07\/fotoaa-7-e1595396292529.jpeg\" alt=\"\" width=\"680\" height=\"523\" srcset=\"https:\/\/diarioregionaldigital.com.br\/wp-content\/uploads\/2020\/07\/fotoaa-7-e1595396292529.jpeg 720w, https:\/\/diarioregionaldigital.com.br\/wp-content\/uploads\/2020\/07\/fotoaa-7-e1595396292529-300x231.jpeg 300w, https:\/\/diarioregionaldigital.com.br\/wp-content\/uploads\/2020\/07\/fotoaa-7-e1595396292529-360x277.jpeg 360w\" sizes=\"auto, (max-width: 680px) 100vw, 680px\" \/><p id=\"caption-attachment-165068\" class=\"wp-caption-text\">A elegante Jacqueline Vianna comemorando o primeiro aninho do neto Th\u00e9o Vianna Whitaker<\/p><\/div>\n<div id=\"attachment_165069\" style=\"width: 690px\" class=\"wp-caption aligncenter\"><img loading=\"lazy\" decoding=\"async\" aria-describedby=\"caption-attachment-165069\" class=\"wp-image-165069\" src=\"https:\/\/diarioregionaldigital.com.br\/wp-content\/uploads\/2020\/07\/fotob-13-e1595396329954.jpg\" alt=\"\" width=\"680\" height=\"538\" srcset=\"https:\/\/diarioregionaldigital.com.br\/wp-content\/uploads\/2020\/07\/fotob-13-e1595396329954.jpg 1133w, https:\/\/diarioregionaldigital.com.br\/wp-content\/uploads\/2020\/07\/fotob-13-e1595396329954-300x238.jpg 300w, https:\/\/diarioregionaldigital.com.br\/wp-content\/uploads\/2020\/07\/fotob-13-e1595396329954-1024x811.jpg 1024w, https:\/\/diarioregionaldigital.com.br\/wp-content\/uploads\/2020\/07\/fotob-13-e1595396329954-768x608.jpg 768w, https:\/\/diarioregionaldigital.com.br\/wp-content\/uploads\/2020\/07\/fotob-13-e1595396329954-360x285.jpg 360w\" sizes=\"auto, (max-width: 680px) 100vw, 680px\" \/><p id=\"caption-attachment-165069\" class=\"wp-caption-text\">O jornalista Rafael Rodrigues recebendo a vitamina D durante a pandemia<\/p><\/div>\n<div id=\"attachment_165070\" style=\"width: 690px\" class=\"wp-caption aligncenter\"><img loading=\"lazy\" decoding=\"async\" aria-describedby=\"caption-attachment-165070\" class=\"wp-image-165070\" src=\"https:\/\/diarioregionaldigital.com.br\/wp-content\/uploads\/2020\/07\/fotobb-4-e1595396353166.jpeg\" alt=\"\" width=\"680\" height=\"474\" srcset=\"https:\/\/diarioregionaldigital.com.br\/wp-content\/uploads\/2020\/07\/fotobb-4-e1595396353166.jpeg 1021w, https:\/\/diarioregionaldigital.com.br\/wp-content\/uploads\/2020\/07\/fotobb-4-e1595396353166-300x210.jpeg 300w, https:\/\/diarioregionaldigital.com.br\/wp-content\/uploads\/2020\/07\/fotobb-4-e1595396353166-768x535.jpeg 768w, https:\/\/diarioregionaldigital.com.br\/wp-content\/uploads\/2020\/07\/fotobb-4-e1595396353166-360x251.jpeg 360w, https:\/\/diarioregionaldigital.com.br\/wp-content\/uploads\/2020\/07\/fotobb-4-e1595396353166-100x70.jpeg 100w\" sizes=\"auto, (max-width: 680px) 100vw, 680px\" \/><p id=\"caption-attachment-165070\" class=\"wp-caption-text\">Gente linda no Arraia Julino em Lima Duarte com Gessica Ferreira, a anfitri\u00e3 Rose Oliveira, Chris Ramos e Everton Oliveira<\/p><\/div>\n<div id=\"attachment_165071\" style=\"width: 690px\" class=\"wp-caption aligncenter\"><img loading=\"lazy\" decoding=\"async\" aria-describedby=\"caption-attachment-165071\" class=\"wp-image-165071\" src=\"https:\/\/diarioregionaldigital.com.br\/wp-content\/uploads\/2020\/07\/fotoc-11-e1595396392474.jpg\" alt=\"\" width=\"680\" height=\"494\" srcset=\"https:\/\/diarioregionaldigital.com.br\/wp-content\/uploads\/2020\/07\/fotoc-11-e1595396392474.jpg 938w, https:\/\/diarioregionaldigital.com.br\/wp-content\/uploads\/2020\/07\/fotoc-11-e1595396392474-300x218.jpg 300w, https:\/\/diarioregionaldigital.com.br\/wp-content\/uploads\/2020\/07\/fotoc-11-e1595396392474-768x558.jpg 768w, https:\/\/diarioregionaldigital.com.br\/wp-content\/uploads\/2020\/07\/fotoc-11-e1595396392474-360x261.jpg 360w\" sizes=\"auto, (max-width: 680px) 100vw, 680px\" \/><p id=\"caption-attachment-165071\" class=\"wp-caption-text\">A jornalista Laila Hallack, brilha com sua compet\u00eancia na Regi\u00e3o dos Lagos<\/p><\/div>\n<div id=\"attachment_165072\" style=\"width: 690px\" class=\"wp-caption aligncenter\"><img loading=\"lazy\" decoding=\"async\" aria-describedby=\"caption-attachment-165072\" class=\"wp-image-165072\" src=\"https:\/\/diarioregionaldigital.com.br\/wp-content\/uploads\/2020\/07\/fotod-12-e1595396417130.jpg\" alt=\"\" width=\"680\" height=\"539\" srcset=\"https:\/\/diarioregionaldigital.com.br\/wp-content\/uploads\/2020\/07\/fotod-12-e1595396417130.jpg 511w, https:\/\/diarioregionaldigital.com.br\/wp-content\/uploads\/2020\/07\/fotod-12-e1595396417130-300x238.jpg 300w, https:\/\/diarioregionaldigital.com.br\/wp-content\/uploads\/2020\/07\/fotod-12-e1595396417130-360x285.jpg 360w\" sizes=\"auto, (max-width: 680px) 100vw, 680px\" \/><p id=\"caption-attachment-165072\" class=\"wp-caption-text\">No Teatro Paschoal Carlos Magno antes do isolamento social, Anna Ede, Joseane Ede e Jose Soter de Figueiroa<\/p><\/div>\n<div id=\"attachment_165073\" style=\"width: 690px\" class=\"wp-caption aligncenter\"><img loading=\"lazy\" decoding=\"async\" aria-describedby=\"caption-attachment-165073\" class=\"wp-image-165073\" src=\"https:\/\/diarioregionaldigital.com.br\/wp-content\/uploads\/2020\/07\/fotoe-11-e1595396444296.jpg\" alt=\"\" width=\"680\" height=\"519\" srcset=\"https:\/\/diarioregionaldigital.com.br\/wp-content\/uploads\/2020\/07\/fotoe-11-e1595396444296.jpg 716w, https:\/\/diarioregionaldigital.com.br\/wp-content\/uploads\/2020\/07\/fotoe-11-e1595396444296-300x229.jpg 300w, https:\/\/diarioregionaldigital.com.br\/wp-content\/uploads\/2020\/07\/fotoe-11-e1595396444296-360x275.jpg 360w\" sizes=\"auto, (max-width: 680px) 100vw, 680px\" \/><p id=\"caption-attachment-165073\" class=\"wp-caption-text\">Em Belo Horizonte antes da pandemia, os queridos, Carlos Magno e Marco Trajano<\/p><\/div>\n<div id=\"attachment_165074\" style=\"width: 690px\" class=\"wp-caption aligncenter\"><img loading=\"lazy\" decoding=\"async\" aria-describedby=\"caption-attachment-165074\" class=\"wp-image-165074\" src=\"https:\/\/diarioregionaldigital.com.br\/wp-content\/uploads\/2020\/07\/fotof-12-e1595396475808.jpg\" alt=\"\" width=\"680\" height=\"474\" srcset=\"https:\/\/diarioregionaldigital.com.br\/wp-content\/uploads\/2020\/07\/fotof-12-e1595396475808.jpg 1403w, https:\/\/diarioregionaldigital.com.br\/wp-content\/uploads\/2020\/07\/fotof-12-e1595396475808-300x210.jpg 300w, https:\/\/diarioregionaldigital.com.br\/wp-content\/uploads\/2020\/07\/fotof-12-e1595396475808-1024x715.jpg 1024w, https:\/\/diarioregionaldigital.com.br\/wp-content\/uploads\/2020\/07\/fotof-12-e1595396475808-768x536.jpg 768w, https:\/\/diarioregionaldigital.com.br\/wp-content\/uploads\/2020\/07\/fotof-12-e1595396475808-360x251.jpg 360w, https:\/\/diarioregionaldigital.com.br\/wp-content\/uploads\/2020\/07\/fotof-12-e1595396475808-100x70.jpg 100w\" sizes=\"auto, (max-width: 680px) 100vw, 680px\" \/><p id=\"caption-attachment-165074\" class=\"wp-caption-text\">O botafoguense Fernando Luis Baldioti e o flamenguista Zico, no MAMM, antes do Corona<\/p><\/div>\n<div id=\"attachment_165075\" style=\"width: 690px\" class=\"wp-caption aligncenter\"><img loading=\"lazy\" decoding=\"async\" aria-describedby=\"caption-attachment-165075\" class=\"wp-image-165075\" src=\"https:\/\/diarioregionaldigital.com.br\/wp-content\/uploads\/2020\/07\/fotog-12-e1595396507145.jpg\" alt=\"\" width=\"680\" height=\"506\" srcset=\"https:\/\/diarioregionaldigital.com.br\/wp-content\/uploads\/2020\/07\/fotog-12-e1595396507145.jpg 532w, https:\/\/diarioregionaldigital.com.br\/wp-content\/uploads\/2020\/07\/fotog-12-e1595396507145-300x223.jpg 300w, https:\/\/diarioregionaldigital.com.br\/wp-content\/uploads\/2020\/07\/fotog-12-e1595396507145-360x268.jpg 360w\" sizes=\"auto, (max-width: 680px) 100vw, 680px\" \/><p id=\"caption-attachment-165075\" class=\"wp-caption-text\">Vestindo a cole\u00e7\u00e3o inverno da M.Marques, os empres\u00e1rios Ricardo Alex e M\u00e1rcio Marques<\/p><\/div>\n<div id=\"attachment_165077\" style=\"width: 690px\" class=\"wp-caption aligncenter\"><img loading=\"lazy\" decoding=\"async\" aria-describedby=\"caption-attachment-165077\" class=\"wp-image-165077\" src=\"https:\/\/diarioregionaldigital.com.br\/wp-content\/uploads\/2020\/07\/fotoi-4-e1595398352468.jpg\" alt=\"\" width=\"680\" height=\"501\" srcset=\"https:\/\/diarioregionaldigital.com.br\/wp-content\/uploads\/2020\/07\/fotoi-4-e1595398352468.jpg 679w, https:\/\/diarioregionaldigital.com.br\/wp-content\/uploads\/2020\/07\/fotoi-4-e1595398352468-300x221.jpg 300w, https:\/\/diarioregionaldigital.com.br\/wp-content\/uploads\/2020\/07\/fotoi-4-e1595398352468-360x265.jpg 360w\" sizes=\"auto, (max-width: 680px) 100vw, 680px\" \/><p id=\"caption-attachment-165077\" class=\"wp-caption-text\">Rainha da Cidade Alta, Raquel Torres inating\u00edvel com sua fogueira de S\u00e3o Jo\u00e3o<\/p><\/div>\n<div id=\"attachment_165067\" style=\"width: 690px\" class=\"wp-caption aligncenter\"><img loading=\"lazy\" decoding=\"async\" aria-describedby=\"caption-attachment-165067\" class=\"wp-image-165067\" src=\"https:\/\/diarioregionaldigital.com.br\/wp-content\/uploads\/2020\/07\/fotoa-11-e1595398738738.jpg\" alt=\"\" width=\"680\" height=\"449\" srcset=\"https:\/\/diarioregionaldigital.com.br\/wp-content\/uploads\/2020\/07\/fotoa-11-e1595398738738.jpg 700w, https:\/\/diarioregionaldigital.com.br\/wp-content\/uploads\/2020\/07\/fotoa-11-e1595398738738-300x198.jpg 300w, https:\/\/diarioregionaldigital.com.br\/wp-content\/uploads\/2020\/07\/fotoa-11-e1595398738738-360x238.jpg 360w\" sizes=\"auto, (max-width: 680px) 100vw, 680px\" \/><p id=\"caption-attachment-165067\" class=\"wp-caption-text\">Mulheres poderosas de Juiz de Fora, na Confeitaria Colombo (RJ), L\u00edvia Delgado e as irm\u00e3s Silv\u00e2nea Pinto e Rosinei Pinto<\/p><\/div>\n<div id=\"attachment_165076\" style=\"width: 690px\" class=\"wp-caption aligncenter\"><img loading=\"lazy\" decoding=\"async\" aria-describedby=\"caption-attachment-165076\" class=\"wp-image-165076\" src=\"https:\/\/diarioregionaldigital.com.br\/wp-content\/uploads\/2020\/07\/fotoh-13-e1595396530415.jpg\" alt=\"\" width=\"680\" height=\"475\" srcset=\"https:\/\/diarioregionaldigital.com.br\/wp-content\/uploads\/2020\/07\/fotoh-13-e1595396530415.jpg 2190w, https:\/\/diarioregionaldigital.com.br\/wp-content\/uploads\/2020\/07\/fotoh-13-e1595396530415-300x210.jpg 300w, https:\/\/diarioregionaldigital.com.br\/wp-content\/uploads\/2020\/07\/fotoh-13-e1595396530415-1024x716.jpg 1024w, https:\/\/diarioregionaldigital.com.br\/wp-content\/uploads\/2020\/07\/fotoh-13-e1595396530415-768x537.jpg 768w, https:\/\/diarioregionaldigital.com.br\/wp-content\/uploads\/2020\/07\/fotoh-13-e1595396530415-1536x1074.jpg 1536w, https:\/\/diarioregionaldigital.com.br\/wp-content\/uploads\/2020\/07\/fotoh-13-e1595396530415-2048x1432.jpg 2048w, https:\/\/diarioregionaldigital.com.br\/wp-content\/uploads\/2020\/07\/fotoh-13-e1595396530415-360x252.jpg 360w, https:\/\/diarioregionaldigital.com.br\/wp-content\/uploads\/2020\/07\/fotoh-13-e1595396530415-100x70.jpg 100w\" sizes=\"auto, (max-width: 680px) 100vw, 680px\" \/><p id=\"caption-attachment-165076\" class=\"wp-caption-text\">Antes da pandemia, no Trade Hotel, Peterson Gomes, Beto Souza, Bruno Q-Suco, Eduardo Gomes e Lidiane Stambassi<\/p><\/div>\n<p style=\"text-align: center;\"><strong>FOTOSS\u00cdNTESE<\/strong><\/p>\n<p>Super indicada para presentear no Dia dos Pais, a cacha\u00e7a Dom Br\u00e9 lan\u00e7ou uma linha especial de garrafas com r\u00f3tulos 5 estrelas.<\/p>\n<p>Com o tema \u201cUma novo olhar no p\u00f3s-pandemia: como ser\u00e1?\u201d, o professor Ant\u00f4nio Godinho e o assistente social Jos\u00e9 An\u00edsio (Pitico) da Silva participaram de uma bela livre esclarecedora.<\/p>\n<p>A eleg\u00e2ncia impera nos luxuosos vestidos de festa da loja L\u00edvia Ribeiro, no Mister Shopping 2\u00ba piso. Para ver e experimentar, o fone 3216-9007.<\/p>\n<p>Conjugando o verbo amar o cantor e compositor Luizinho Lopes lan\u00e7ou a m\u00fasica \u201cEpicentro\u201d, composta durante o isolamento social. Foi durante sua live realizada no YouTube com participa\u00e7\u00e3o do pianista e compositor Ricardo Itaborary.<\/p>\n<p>Localizada na Av. Presidente Itamar Franco, n\u00ba 2542, a loja Bife de Grife com sua boutique de carnes faz sucesso durante a pandemia com lingui\u00e7as recheadas com mais de 30 op\u00e7\u00f5es a escolher. Pe\u00e7a pelo fone: 3216-0643.<\/p>\n<p>Correio Elegante: Nosso carinhoso abra\u00e7o para Rosinei Pinto, Gustavo Marcelino, Priscila Bonsanto, L\u00fa Chaves Marcelle Oliveira, Diego Lucian, Marcos Reink e Soraia Jord\u00e3o.<\/p>\n<p>Caindo na arapuca da mem\u00f3ria afetiva, os integrantes do Coletivo Agrupa, liderados por Ricardo Cristofaro e Val\u00e9ria Faria, est\u00e3o empenhados na restaura\u00e7\u00e3o do monumento assinado por Di Cavalcanti na pra\u00e7a da Rep\u00fablica no Po\u00e7o Rico, que foi parcialmente destru\u00eddo por um inc\u00eandio.<\/p>\n<p>Extra&#8230;Extra: Se algu\u00e9m te jogar uma pedra, mostre que \u00e9 diferente, jogue um tijolo. Bom dia.<\/p>\n<p><img loading=\"lazy\" decoding=\"async\" class=\"aligncenter size-full wp-image-165079\" src=\"https:\/\/diarioregionaldigital.com.br\/wp-content\/uploads\/2020\/07\/anuncio75-scaled.jpg\" alt=\"\" width=\"2560\" height=\"998\" srcset=\"https:\/\/diarioregionaldigital.com.br\/wp-content\/uploads\/2020\/07\/anuncio75-scaled.jpg 2560w, https:\/\/diarioregionaldigital.com.br\/wp-content\/uploads\/2020\/07\/anuncio75-300x117.jpg 300w, https:\/\/diarioregionaldigital.com.br\/wp-content\/uploads\/2020\/07\/anuncio75-1024x399.jpg 1024w, https:\/\/diarioregionaldigital.com.br\/wp-content\/uploads\/2020\/07\/anuncio75-768x299.jpg 768w, https:\/\/diarioregionaldigital.com.br\/wp-content\/uploads\/2020\/07\/anuncio75-1536x599.jpg 1536w, https:\/\/diarioregionaldigital.com.br\/wp-content\/uploads\/2020\/07\/anuncio75-2048x798.jpg 2048w, https:\/\/diarioregionaldigital.com.br\/wp-content\/uploads\/2020\/07\/anuncio75-360x140.jpg 360w\" sizes=\"auto, (max-width: 2560px) 100vw, 2560px\" \/><\/p>\n<p>&nbsp;<\/p>\n","protected":false},"excerpt":{"rendered":"<p>Gatilho Com rumo definido, os professores de hist\u00f3ria da UFJF, Leandro Pereira Gon\u00e7alves e Odilon Caldeira Neto, lan\u00e7aram o livro \u201cO fascismo em camisas verdes: do Integralismo ao neointegralismo\u201d, com selo da FGV Editora. Foi durante um \u201cWebinar\u201d com o jornalista Octavio Guedes, no YouTube da funda\u00e7\u00e3o. Quadro de Avisos Movido pelo arroubo afetivo, o [&hellip;]<\/p>\n","protected":false},"author":96,"featured_media":165068,"comment_status":"closed","ping_status":"closed","sticky":false,"template":"","format":"standard","meta":{"footnotes":""},"categories":[264],"tags":[],"class_list":["post-165078","post","type-post","status-publish","format-standard","has-post-thumbnail","hentry","category-eduardo-gomes"],"_links":{"self":[{"href":"https:\/\/diarioregionaldigital.com.br\/index.php?rest_route=\/wp\/v2\/posts\/165078","targetHints":{"allow":["GET"]}}],"collection":[{"href":"https:\/\/diarioregionaldigital.com.br\/index.php?rest_route=\/wp\/v2\/posts"}],"about":[{"href":"https:\/\/diarioregionaldigital.com.br\/index.php?rest_route=\/wp\/v2\/types\/post"}],"author":[{"embeddable":true,"href":"https:\/\/diarioregionaldigital.com.br\/index.php?rest_route=\/wp\/v2\/users\/96"}],"replies":[{"embeddable":true,"href":"https:\/\/diarioregionaldigital.com.br\/index.php?rest_route=%2Fwp%2Fv2%2Fcomments&post=165078"}],"version-history":[{"count":0,"href":"https:\/\/diarioregionaldigital.com.br\/index.php?rest_route=\/wp\/v2\/posts\/165078\/revisions"}],"wp:featuredmedia":[{"embeddable":true,"href":"https:\/\/diarioregionaldigital.com.br\/index.php?rest_route=\/wp\/v2\/media\/165068"}],"wp:attachment":[{"href":"https:\/\/diarioregionaldigital.com.br\/index.php?rest_route=%2Fwp%2Fv2%2Fmedia&parent=165078"}],"wp:term":[{"taxonomy":"category","embeddable":true,"href":"https:\/\/diarioregionaldigital.com.br\/index.php?rest_route=%2Fwp%2Fv2%2Fcategories&post=165078"},{"taxonomy":"post_tag","embeddable":true,"href":"https:\/\/diarioregionaldigital.com.br\/index.php?rest_route=%2Fwp%2Fv2%2Ftags&post=165078"}],"curies":[{"name":"wp","href":"https:\/\/api.w.org\/{rel}","templated":true}]}}