{"id":164977,"date":"2020-07-20T18:49:23","date_gmt":"2020-07-20T21:49:23","guid":{"rendered":"https:\/\/diarioregionaldigital.com.br\/?p=164977"},"modified":"2020-07-20T18:49:23","modified_gmt":"2020-07-20T21:49:23","slug":"dois-individuos-sao-presos-em-operacao-da-pm-no-retiro","status":"publish","type":"post","link":"https:\/\/diarioregionaldigital.com.br\/?p=164977","title":{"rendered":"Dois indiv\u00edduos s\u00e3o presos em opera\u00e7\u00e3o da PM no Retiro"},"content":{"rendered":"<p>A Pol\u00edcia Militar (PM), prendeu dois suspeitos, durante opera\u00e7\u00e3o no Bairro Retiro (Regi\u00e3o Sudeste) em Juiz de Fora. A guarni\u00e7\u00e3o recebeu informa\u00e7\u00f5es que os dois autores estariam guardando drogas no local. Com informa\u00e7\u00f5es em m\u00e3os, os policiais foram at\u00e9 o endere\u00e7o indicado e localizou tais suspeitos, sendo estes um adolescente de 17 e um jovem de 24 anos.<\/p>\n<p>Ao todo foram encontrados uma pistola calibre 635, um rev\u00f3lver calibre 38, 14 Muni\u00e7\u00f5es calibre 38, 91 papelotes de coca\u00edna, 30 buchas de maconha, duas barras de maconha, uma pedra bruta de crack, 17 pedras de crack, uma por\u00e7\u00e3o de haxixe, dois rolos filmes, sacol\u00e9s para embalar drogas, uma balan\u00e7a digital, um r\u00e1dio transmissor, uma base carregador e um bin\u00f3culo. Diante dos fatos, os autores foram presos em flagrante e conduzidos para a Delegacia.<\/p>\n<p>&nbsp;<\/p>\n","protected":false},"excerpt":{"rendered":"<p>A Pol\u00edcia Militar (PM), prendeu dois suspeitos, durante opera\u00e7\u00e3o no Bairro Retiro (Regi\u00e3o Sudeste) em Juiz de Fora. A guarni\u00e7\u00e3o recebeu informa\u00e7\u00f5es que os dois autores estariam guardando drogas no local. Com informa\u00e7\u00f5es em m\u00e3os, os policiais foram at\u00e9 o endere\u00e7o indicado e localizou tais suspeitos, sendo estes um adolescente de 17 e um jovem [&hellip;]<\/p>\n","protected":false},"author":96,"featured_media":164978,"comment_status":"closed","ping_status":"closed","sticky":false,"template":"","format":"standard","meta":{"footnotes":""},"categories":[301,436,439],"tags":[],"class_list":["post-164977","post","type-post","status-publish","format-standard","has-post-thumbnail","hentry","category-artigos-policiais","category-destaque-da-semana","category-ultima-hora"],"_links":{"self":[{"href":"https:\/\/diarioregionaldigital.com.br\/index.php?rest_route=\/wp\/v2\/posts\/164977","targetHints":{"allow":["GET"]}}],"collection":[{"href":"https:\/\/diarioregionaldigital.com.br\/index.php?rest_route=\/wp\/v2\/posts"}],"about":[{"href":"https:\/\/diarioregionaldigital.com.br\/index.php?rest_route=\/wp\/v2\/types\/post"}],"author":[{"embeddable":true,"href":"https:\/\/diarioregionaldigital.com.br\/index.php?rest_route=\/wp\/v2\/users\/96"}],"replies":[{"embeddable":true,"href":"https:\/\/diarioregionaldigital.com.br\/index.php?rest_route=%2Fwp%2Fv2%2Fcomments&post=164977"}],"version-history":[{"count":0,"href":"https:\/\/diarioregionaldigital.com.br\/index.php?rest_route=\/wp\/v2\/posts\/164977\/revisions"}],"wp:featuredmedia":[{"embeddable":true,"href":"https:\/\/diarioregionaldigital.com.br\/index.php?rest_route=\/wp\/v2\/media\/164978"}],"wp:attachment":[{"href":"https:\/\/diarioregionaldigital.com.br\/index.php?rest_route=%2Fwp%2Fv2%2Fmedia&parent=164977"}],"wp:term":[{"taxonomy":"category","embeddable":true,"href":"https:\/\/diarioregionaldigital.com.br\/index.php?rest_route=%2Fwp%2Fv2%2Fcategories&post=164977"},{"taxonomy":"post_tag","embeddable":true,"href":"https:\/\/diarioregionaldigital.com.br\/index.php?rest_route=%2Fwp%2Fv2%2Ftags&post=164977"}],"curies":[{"name":"wp","href":"https:\/\/api.w.org\/{rel}","templated":true}]}}