{"id":164969,"date":"2020-07-20T18:06:16","date_gmt":"2020-07-20T21:06:16","guid":{"rendered":"https:\/\/diarioregionaldigital.com.br\/?p=164969"},"modified":"2020-07-20T18:06:16","modified_gmt":"2020-07-20T21:06:16","slug":"saude-aponta-tendencia-de-estabilizacao-da-covid-19-no-estado","status":"publish","type":"post","link":"https:\/\/diarioregionaldigital.com.br\/?p=164969","title":{"rendered":"Sa\u00fade aponta tend\u00eancia de estabiliza\u00e7\u00e3o da covid-19 no estado"},"content":{"rendered":"<p>Em coletiva virtual nesta segunda-feira (20\/7), o secret\u00e1rio de Estado de\u00a0Sa\u00fade\u00a0de Minas Gerais (SES-MG), Carlos Eduardo Amaral, apresentou a situa\u00e7\u00e3o da covid-19 no estado e falou sobre a tend\u00eancia de estabiliza\u00e7\u00e3o na curva de cont\u00e1gio, taxa de ocupa\u00e7\u00e3o de leitos e outros dados estat\u00edsticos. At\u00e9 o momento, o estado registrou 94.132 casos confirmados da doen\u00e7a; 66.369 pessoas se recuperaram e houve 2.004 \u00f3bitos.<\/p>\n<p>Amaral refor\u00e7ou que uma poss\u00edvel estabilidade n\u00e3o diminui a import\u00e2ncia de manter os cuidados de preven\u00e7\u00e3o \u00e0 covid-19.<\/p>\n<p><b>Taxas<\/b><\/p>\n<p>De acordo com o secret\u00e1rio, no momento observa-se uma tend\u00eancia de estabiliza\u00e7\u00e3o tanto na taxa de ocupa\u00e7\u00e3o de leitos do estado, quanto na data de ocorr\u00eancia dos \u00f3bitos.<\/p>\n<p>\u201cH\u00e1 cerca de uma semana, observamos uma flutua\u00e7\u00e3o no n\u00famero de ocupa\u00e7\u00e3o de leitos que indica tend\u00eancia de estabilidade. Quando analisamos a data dos \u00f3bitos, que \u00e9 diferente da data da confirma\u00e7\u00e3o das mortes, tamb\u00e9m identificamos uma propens\u00e3o \u00e0 estabiliza\u00e7\u00e3o. Isso significa que realmente h\u00e1 uma tend\u00eancia a n\u00e3o termos um pico\u201d, detalha o secret\u00e1rio.<\/p>\n<p>Amaral explicou a import\u00e2ncia da n\u00e3o ocorr\u00eancia de um pico de casos da covid-19 em Minas Gerais.\u00a0\u201cNosso objetivo era buscar uma redu\u00e7\u00e3o das taxas de transmiss\u00e3o de forma que n\u00e3o houvesse uma explos\u00e3o no n\u00famero de casos e, consequentemente, de \u00f3bitos por desassist\u00eancia. Nesse contexto, acho muito importante essa previs\u00e3o de estabilidade nos \u00edndices\u201d, afirma o secret\u00e1rio.<\/p>\n<p><b>Anticorpos<\/b><\/p>\n<p>O secret\u00e1rio ressaltou, ainda, que o n\u00famero de pessoas com anticorpos necess\u00e1rios ou imunes \u00e0 covid-19 \u00e9 pequeno no estado. Com isso, ainda n\u00e3o h\u00e1 uma expectativa de diminui\u00e7\u00e3o na transmiss\u00e3o da doen\u00e7a nas cidades mineiras. \u201cN\u00f3s precisamos acompanhar a evolu\u00e7\u00e3o, porque somente quando tivermos um n\u00famero significativo de pessoas com anticorpos poderemos vir a ter o que se chama de imunidade de manada, diminuindo a transmiss\u00e3o interpessoal\u201d, destacou.<\/p>\n<p>J\u00e1 o secret\u00e1rio adjunto de Estado da SES-MG, Marcelo Cabral, ressaltou que o objetivo agora \u00e9 manter os esfor\u00e7os para conduzir a situa\u00e7\u00e3o da melhor maneira poss\u00edvel. E voltou a dizer que a colabora\u00e7\u00e3o da popula\u00e7\u00e3o na batalha contra a doen\u00e7a \u00e9\u00a0 fundamental. \u201cContamos com o esfor\u00e7o da popula\u00e7\u00e3o em rela\u00e7\u00e3o a manuten\u00e7\u00e3o do distanciamento social, das medidas de higiene e prote\u00e7\u00e3o individual\u201d.<\/p>\n<p><b>Vacina<\/b><\/p>\n<p>A possibilidade da chegada de uma vacina para preven\u00e7\u00e3o da covid-19 tamb\u00e9m foi abordada por Amaral. \u201cA tend\u00eancia \u00e9 de que tenhamos uma vacina. Entretanto, \u00e9 importante destacar que esse processo ainda pode levar um tempo, j\u00e1 que toda vacina precisa passar pelo processo cient\u00edfico que comprove sua efic\u00e1cia e efici\u00eancia, antes de ser produzida&#8221;.<\/p>\n<p><strong>Sa\u00fade Digital MG &#8211; Covid19<\/strong>\u00a0\u00e9 uma plataforma para auxiliar na autoavalia\u00e7\u00e3o de sa\u00fade com foco no coronav\u00edrus, oferecendo direcionamento para acesso \u00e0 rede de Sa\u00fade do Estado. O aplicativo est\u00e1 dispon\u00edvel para download no Google Play (Android) e na App Store (iOS).<\/p>\n<p><strong>Fonte:\u00a0<\/strong>Ag\u00eancia Minas<\/p>\n","protected":false},"excerpt":{"rendered":"<p>Em coletiva virtual nesta segunda-feira (20\/7), o secret\u00e1rio de Estado de\u00a0Sa\u00fade\u00a0de Minas Gerais (SES-MG), Carlos Eduardo Amaral, apresentou a situa\u00e7\u00e3o da covid-19 no estado e falou sobre a tend\u00eancia de estabiliza\u00e7\u00e3o na curva de cont\u00e1gio, taxa de ocupa\u00e7\u00e3o de leitos e outros dados estat\u00edsticos. At\u00e9 o momento, o estado registrou 94.132 casos confirmados da doen\u00e7a; [&hellip;]<\/p>\n","protected":false},"author":96,"featured_media":163950,"comment_status":"closed","ping_status":"closed","sticky":false,"template":"","format":"standard","meta":{"footnotes":""},"categories":[436,252,439],"tags":[],"class_list":["post-164969","post","type-post","status-publish","format-standard","has-post-thumbnail","hentry","category-destaque-da-semana","category-regiao","category-ultima-hora"],"_links":{"self":[{"href":"https:\/\/diarioregionaldigital.com.br\/index.php?rest_route=\/wp\/v2\/posts\/164969","targetHints":{"allow":["GET"]}}],"collection":[{"href":"https:\/\/diarioregionaldigital.com.br\/index.php?rest_route=\/wp\/v2\/posts"}],"about":[{"href":"https:\/\/diarioregionaldigital.com.br\/index.php?rest_route=\/wp\/v2\/types\/post"}],"author":[{"embeddable":true,"href":"https:\/\/diarioregionaldigital.com.br\/index.php?rest_route=\/wp\/v2\/users\/96"}],"replies":[{"embeddable":true,"href":"https:\/\/diarioregionaldigital.com.br\/index.php?rest_route=%2Fwp%2Fv2%2Fcomments&post=164969"}],"version-history":[{"count":0,"href":"https:\/\/diarioregionaldigital.com.br\/index.php?rest_route=\/wp\/v2\/posts\/164969\/revisions"}],"wp:featuredmedia":[{"embeddable":true,"href":"https:\/\/diarioregionaldigital.com.br\/index.php?rest_route=\/wp\/v2\/media\/163950"}],"wp:attachment":[{"href":"https:\/\/diarioregionaldigital.com.br\/index.php?rest_route=%2Fwp%2Fv2%2Fmedia&parent=164969"}],"wp:term":[{"taxonomy":"category","embeddable":true,"href":"https:\/\/diarioregionaldigital.com.br\/index.php?rest_route=%2Fwp%2Fv2%2Fcategories&post=164969"},{"taxonomy":"post_tag","embeddable":true,"href":"https:\/\/diarioregionaldigital.com.br\/index.php?rest_route=%2Fwp%2Fv2%2Ftags&post=164969"}],"curies":[{"name":"wp","href":"https:\/\/api.w.org\/{rel}","templated":true}]}}