{"id":164961,"date":"2020-07-20T18:01:09","date_gmt":"2020-07-20T21:01:09","guid":{"rendered":"https:\/\/diarioregionaldigital.com.br\/?p=164961"},"modified":"2020-07-20T18:01:09","modified_gmt":"2020-07-20T21:01:09","slug":"profissionais-de-saude-devem-intensificar-rastreamento-dos-contatos-de-contaminados-e-suspeitos-de-contaminacao-pela-covid-19","status":"publish","type":"post","link":"https:\/\/diarioregionaldigital.com.br\/?p=164961","title":{"rendered":"Profissionais de Sa\u00fade devem intensificar rastreamento dos contatos de contaminados e suspeitos de contamina\u00e7\u00e3o pela covid-19"},"content":{"rendered":"<p>Entre as estrat\u00e9gias adotadas pelo\u00a0Governo de Minas\u00a0para conter a cadeia de transmiss\u00e3o do coronav\u00edrus est\u00e1 o monitoramento dos contatos de casos suspeitos ou confirmados pela covid-19. A recomenda\u00e7\u00e3o \u00e9 uma investiga\u00e7\u00e3o intensa nas cidades mineiras, com base em diretrizes que foram atualizadas.<\/p>\n<p>Desde o in\u00edcio da pandemia, o Governo de Minas, seguindo orienta\u00e7\u00f5es da Organiza\u00e7\u00e3o Mundial de Sa\u00fade (OMS), adotou como estrat\u00e9gia o monitoramento e manejo dos contatos de casos suspeitos ou confirmados de covid-19 no estado. Com novas descobertas da ci\u00eancia sobre o comportamento da doen\u00e7a, atualiza\u00e7\u00f5es foram feitas e divulgadas em nota t\u00e9cnica publicada no in\u00edcio de julho.<\/p>\n<p>O documento traz hierarquia de avalia\u00e7\u00e3o e monitoramento de contatos, dividindo-os em prioridades: muito alta, alta, intermedi\u00e1ria e baixa. Os profissionais de Sa\u00fade, pacientes hospitalizados e indiv\u00edduos que trabalham em locais com aglomera\u00e7\u00e3o pertencem ao grupo de prioridade muito alta para o rastreamento. Os trabalhadores de servi\u00e7os essenciais, indiv\u00edduos com 60 anos ou mais, pessoas com maior risco de doen\u00e7a grave, gestantes e mulheres at\u00e9 45 dias p\u00f3s-parto s\u00e3o do grupo de prioridade alta.<\/p>\n<p>Aqueles com sintomas e que n\u00e3o atendem a nenhuma das categorias anteriores s\u00e3o considerados prioridade intermedi\u00e1ria. E os assintom\u00e1ticos que tamb\u00e9m n\u00e3o atendem a nenhuma das outras categorias s\u00e3o considerados prioridade baixa.<\/p>\n<p><strong>Investiga\u00e7\u00e3o<\/strong><\/p>\n<p>Para a covid-19, um contato pr\u00f3ximo \u00e9 definido como qualquer indiv\u00edduo que esteja a menos de 2 metros de uma pessoa infectada por pelo menos 15 minutos, a partir de dois dias antes do in\u00edcio da doen\u00e7a, ou, para os pacientes assintom\u00e1ticos, dois dias antes da coleta positiva da mostra at\u00e9 o tempo em que o paciente est\u00e1 isolado, conforme recomenda o Center for Disease Control and Prevention (CDC).<\/p>\n<p>Nesse sentido, \u00e9 considerada a transmiss\u00e3o assintom\u00e1tica dois dias antes do in\u00edcio da doen\u00e7a. \u201cOs contatos devem ficar isolados durante 14 dias depois da \u00faltima aproxima\u00e7\u00e3o do infectado. O prazo de isolamento, inclusive, \u00e9 maior do para aquele que testou positivo, que deve ficar em isolado por 10 dias, pois consideramos que ele j\u00e1 passou pelo processo de incuba\u00e7\u00e3o do v\u00edrus, e o contato pode ainda estar na janela de incuba\u00e7\u00e3o\u201d, explica Jana\u00edna Fonseca Almeida Souza, diretora de Vigil\u00e2ncia de Agravos Transmiss\u00edveis da\u00a0Secretaria de Estado de Sa\u00fade de Minas Gerais (SES-MG).<\/p>\n<p>A investiga\u00e7\u00e3o dos contatos pr\u00f3ximos deve ser feita, preferencialmente, por telefone ou aplicativos de mensagem, cabendo ao profissional de Sa\u00fade orientar sobre as pr\u00e1ticas de preven\u00e7\u00e3o e controle da covid-19. \u00c9 recomend\u00e1vel que equipe de estrat\u00e9gia da fam\u00edlia fa\u00e7a, pelo menos, uma visita sem aviso pr\u00e9vio para avaliar o isolamento.<\/p>\n<p><strong>Quebra na transmiss\u00e3o<\/strong><\/p>\n<p>Os contatos pr\u00f3ximos, com sintomas leves, devem se autoisolar imediatamente e ser encaminhados para testes &#8211; se estiverem dentro dos crit\u00e9rios estabelecidos pela SES-MG para a testagem &#8211; e cuidados m\u00e9dicos. J\u00e1 os contatos pr\u00f3ximos assintom\u00e1ticos devem ser orientados a se autoisolarem durante 14 dias ap\u00f3s a \u00faltima exposi\u00e7\u00e3o potencial, observando diariamente os sintomas.<\/p>\n<p>Esse tipo de rastreamento \u00e9, segundo a m\u00e9dica infectologista da SES-MG, T\u00e2nia Marcial, de extrema import\u00e2ncia para a quebra do ciclo de transmiss\u00e3o do v\u00edrus. \u201cSe as medidas de isolamento e higiene forem tomadas, esse tipo de investiga\u00e7\u00e3o \u00e9 eficaz para o controle da doen\u00e7a\u201d, avalia.<\/p>\n<p><strong>Sa\u00fade Digital MG &#8211; Covid19<\/strong>\u00a0\u00e9 uma plataforma para auxiliar na autoavalia\u00e7\u00e3o de sa\u00fade com foco no coronav\u00edrus, oferecendo direcionamento para acesso \u00e0 rede de Sa\u00fade do Estado. O aplicativo est\u00e1 dispon\u00edvel para download no Google Play (Android) e na App Store (iOS).<\/p>\n<p><strong>Fonte:\u00a0<\/strong>Ag\u00eancia Minas<\/p>\n","protected":false},"excerpt":{"rendered":"<p>Entre as estrat\u00e9gias adotadas pelo\u00a0Governo de Minas\u00a0para conter a cadeia de transmiss\u00e3o do coronav\u00edrus est\u00e1 o monitoramento dos contatos de casos suspeitos ou confirmados pela covid-19. A recomenda\u00e7\u00e3o \u00e9 uma investiga\u00e7\u00e3o intensa nas cidades mineiras, com base em diretrizes que foram atualizadas. Desde o in\u00edcio da pandemia, o Governo de Minas, seguindo orienta\u00e7\u00f5es da Organiza\u00e7\u00e3o [&hellip;]<\/p>\n","protected":false},"author":96,"featured_media":164963,"comment_status":"closed","ping_status":"closed","sticky":false,"template":"","format":"standard","meta":{"footnotes":""},"categories":[436,252,439],"tags":[],"class_list":["post-164961","post","type-post","status-publish","format-standard","has-post-thumbnail","hentry","category-destaque-da-semana","category-regiao","category-ultima-hora"],"_links":{"self":[{"href":"https:\/\/diarioregionaldigital.com.br\/index.php?rest_route=\/wp\/v2\/posts\/164961","targetHints":{"allow":["GET"]}}],"collection":[{"href":"https:\/\/diarioregionaldigital.com.br\/index.php?rest_route=\/wp\/v2\/posts"}],"about":[{"href":"https:\/\/diarioregionaldigital.com.br\/index.php?rest_route=\/wp\/v2\/types\/post"}],"author":[{"embeddable":true,"href":"https:\/\/diarioregionaldigital.com.br\/index.php?rest_route=\/wp\/v2\/users\/96"}],"replies":[{"embeddable":true,"href":"https:\/\/diarioregionaldigital.com.br\/index.php?rest_route=%2Fwp%2Fv2%2Fcomments&post=164961"}],"version-history":[{"count":0,"href":"https:\/\/diarioregionaldigital.com.br\/index.php?rest_route=\/wp\/v2\/posts\/164961\/revisions"}],"wp:featuredmedia":[{"embeddable":true,"href":"https:\/\/diarioregionaldigital.com.br\/index.php?rest_route=\/wp\/v2\/media\/164963"}],"wp:attachment":[{"href":"https:\/\/diarioregionaldigital.com.br\/index.php?rest_route=%2Fwp%2Fv2%2Fmedia&parent=164961"}],"wp:term":[{"taxonomy":"category","embeddable":true,"href":"https:\/\/diarioregionaldigital.com.br\/index.php?rest_route=%2Fwp%2Fv2%2Fcategories&post=164961"},{"taxonomy":"post_tag","embeddable":true,"href":"https:\/\/diarioregionaldigital.com.br\/index.php?rest_route=%2Fwp%2Fv2%2Ftags&post=164961"}],"curies":[{"name":"wp","href":"https:\/\/api.w.org\/{rel}","templated":true}]}}