{"id":164921,"date":"2020-07-20T14:36:12","date_gmt":"2020-07-20T17:36:12","guid":{"rendered":"https:\/\/diarioregionaldigital.com.br\/?p=164921"},"modified":"2020-07-20T14:36:12","modified_gmt":"2020-07-20T17:36:12","slug":"hospital-investiga-se-pacientes-foram-reinfectados-pelo-coronavirus","status":"publish","type":"post","link":"https:\/\/diarioregionaldigital.com.br\/?p=164921","title":{"rendered":"Hospital investiga se pacientes foram reinfectados pelo coronav\u00edrus"},"content":{"rendered":"<p>O Hospital das Cl\u00ednicas de S\u00e3o Paulo investiga a suspeita de que dois pacientes tenham sido reinfectados pelo novo coronav\u00edrus. Segundo a institui\u00e7\u00e3o, vinculada \u00e0 Faculdade de Medicina da Universidade de S\u00e3o Paulo (USP), em ambos os casos as pessoas apresentaram os sintomas e tiveram exames com resultado positivo para o v\u00edrus em dois per\u00edodos diferentes.<img decoding=\"async\" src=\"https:\/\/agenciabrasil.ebc.com.br\/ebc.png?id=1311887&amp;o=node\" \/><\/p>\n<p>O hospital destacou, no entanto, que a reinfec\u00e7\u00e3o \u00e9 uma \u201chip\u00f3tese ainda pouco prov\u00e1vel por n\u00e3o\u00a0ter\u00a0sido constatada em nenhum outro caso registrado pela literatura m\u00e9dica internacional\u201d. Por isso est\u00e3o sendo investigadas outras possibilidades.<\/p>\n<p>De acordo com a nota do hospital, os sintomas e exames com resultados positivos em duas ocasi\u00f5es podem\u00a0ter\u00a0acontecido devido a infec\u00e7\u00e3o por um outro v\u00edrus em um momento em que havia fragmentos ou v\u00edrus inativos causadores da covid-19. Para apurar essa possibilidade, os pacientes est\u00e3o sendo submetidos a exames para verificar a presen\u00e7a de outros v\u00edrus que possam\u00a0ter\u00a0causado o reaparecimento dos sintomas.<\/p>\n<p><strong>Pesquisas<\/strong><\/p>\n<p>A dura\u00e7\u00e3o da imunidade em pessoas que tiveram o novo coronav\u00edrus ainda est\u00e1 sendo investigada em estudos em todo o mundo. Uma pesquisa chinesa divulgada h\u00e1 cerca de um m\u00eas na revista cient\u00edfica\u00a0<em>Nature Medicine<\/em>\u00a0mostrou que os n\u00edveis de anticorpos encontrados em pacientes recuperados da covid-19 diminu\u00edram rapidamente dois a tr\u00eas meses ap\u00f3s a infec\u00e7\u00e3o.<\/p>\n<p>A pesquisa, que estudou 37 pacientes sintom\u00e1ticos e 37 assintom\u00e1ticos, descobriu que, dos que tiveram exames positivos para a presen\u00e7a dos anticorpos IgG, um dos principais tipos de anticorpos induzidos ap\u00f3s a infec\u00e7\u00e3o, mais de 90% mostraram decl\u00ednios acentuados dentro de dois a tr\u00eas meses. A porcentagem m\u00e9dia de decl\u00ednio foi de mais de 70% em pacientes sintom\u00e1ticos e assintom\u00e1ticos.<\/p>\n<p>Para anticorpos neutralizadores de soro, a porcentagem m\u00e9dia de decl\u00ednio em indiv\u00edduos sintom\u00e1ticos foi de 11,7%, e em indiv\u00edduos assintom\u00e1ticos, de 8,3%.<\/p>\n<p>O estudo foi realizado por pesquisadores da Universidade M\u00e9dica de Chongqing, uma filial do Centro de Controle e Preven\u00e7\u00e3o de Doen\u00e7as da China e de outros institutos.<\/p>\n<p><strong>Fonte:\u00a0<\/strong>Ag\u00eancia Brasil<\/p>\n","protected":false},"excerpt":{"rendered":"<p>O Hospital das Cl\u00ednicas de S\u00e3o Paulo investiga a suspeita de que dois pacientes tenham sido reinfectados pelo novo coronav\u00edrus. Segundo a institui\u00e7\u00e3o, vinculada \u00e0 Faculdade de Medicina da Universidade de S\u00e3o Paulo (USP), em ambos os casos as pessoas apresentaram os sintomas e tiveram exames com resultado positivo para o v\u00edrus em dois per\u00edodos [&hellip;]<\/p>\n","protected":false},"author":96,"featured_media":164922,"comment_status":"closed","ping_status":"closed","sticky":false,"template":"","format":"standard","meta":{"footnotes":""},"categories":[302,436,440,439],"tags":[],"class_list":["post-164921","post","type-post","status-publish","format-standard","has-post-thumbnail","hentry","category-brasil-mundo","category-destaque-da-semana","category-destaques-do-dia","category-ultima-hora"],"_links":{"self":[{"href":"https:\/\/diarioregionaldigital.com.br\/index.php?rest_route=\/wp\/v2\/posts\/164921","targetHints":{"allow":["GET"]}}],"collection":[{"href":"https:\/\/diarioregionaldigital.com.br\/index.php?rest_route=\/wp\/v2\/posts"}],"about":[{"href":"https:\/\/diarioregionaldigital.com.br\/index.php?rest_route=\/wp\/v2\/types\/post"}],"author":[{"embeddable":true,"href":"https:\/\/diarioregionaldigital.com.br\/index.php?rest_route=\/wp\/v2\/users\/96"}],"replies":[{"embeddable":true,"href":"https:\/\/diarioregionaldigital.com.br\/index.php?rest_route=%2Fwp%2Fv2%2Fcomments&post=164921"}],"version-history":[{"count":0,"href":"https:\/\/diarioregionaldigital.com.br\/index.php?rest_route=\/wp\/v2\/posts\/164921\/revisions"}],"wp:featuredmedia":[{"embeddable":true,"href":"https:\/\/diarioregionaldigital.com.br\/index.php?rest_route=\/wp\/v2\/media\/164922"}],"wp:attachment":[{"href":"https:\/\/diarioregionaldigital.com.br\/index.php?rest_route=%2Fwp%2Fv2%2Fmedia&parent=164921"}],"wp:term":[{"taxonomy":"category","embeddable":true,"href":"https:\/\/diarioregionaldigital.com.br\/index.php?rest_route=%2Fwp%2Fv2%2Fcategories&post=164921"},{"taxonomy":"post_tag","embeddable":true,"href":"https:\/\/diarioregionaldigital.com.br\/index.php?rest_route=%2Fwp%2Fv2%2Ftags&post=164921"}],"curies":[{"name":"wp","href":"https:\/\/api.w.org\/{rel}","templated":true}]}}