{"id":164915,"date":"2020-07-20T14:22:02","date_gmt":"2020-07-20T17:22:02","guid":{"rendered":"https:\/\/diarioregionaldigital.com.br\/?p=164915"},"modified":"2020-07-20T14:22:02","modified_gmt":"2020-07-20T17:22:02","slug":"bndes-lanca-plano-de-estimulo-a-aposentadoria","status":"publish","type":"post","link":"https:\/\/diarioregionaldigital.com.br\/?p=164915","title":{"rendered":"BNDES lan\u00e7a plano de est\u00edmulo \u00e0 aposentadoria"},"content":{"rendered":"<p><span style=\"font-weight: 400;\">O Banco Nacional de Desenvolvimento Econ\u00f4mico e Social (BNDES) lan\u00e7a, nesta segunda-feira (20), um plano de est\u00edmulo \u00e0 aposentadoria para seus servidores. Na avalia\u00e7\u00e3o do banco, o PEA BNDES 2020 tem potencial para atingir aproximadamente 10% dos 2.623 empregados do seu quadro atual. O prazo de ades\u00e3o ser\u00e1 de 27 de julho a 21 de agosto deste ano.<\/span><\/p>\n<p><span style=\"font-weight: 400;\">De acordo com o BNDES, est\u00e3o aptos a aderir ao plano os empregados do quadro pr\u00f3prio que tenham menos de 75 anos e j\u00e1 estejam aposentados pelo Instituto Nacional\u00a0 do Seguro Social (INSS) ou tenham completado, at\u00e9 30 de junho deste ano, as condi\u00e7\u00f5es necess\u00e1rias para se aposentar pela institui\u00e7\u00e3o.<\/span><\/p>\n<p><span style=\"font-weight: 400;\">O PEA BNDES 2020 prev\u00ea desligamentos na modalidade de demiss\u00e3o consensual prevista na Consolida\u00e7\u00e3o das Leis do Trabalho (CLT), que oferece 50% do aviso pr\u00e9vio indenizat\u00f3rio e 20% sobre o saldo para fins rescis\u00f3rios do Fundo de Garantia do Tempo de Servi\u00e7o (FGTS). Na ades\u00e3o, o empregado receber\u00e1 do banco um incentivo financeiro equivalente a 0,6 sal\u00e1rio para cada 30 dias que faltarem para a obten\u00e7\u00e3o do benef\u00edcio integral de complementa\u00e7\u00e3o de aposentadoria pela Funda\u00e7\u00e3o de Assist\u00eancia e Previd\u00eancia Social do BNDES.<\/span><\/p>\n<p><span style=\"font-weight: 400;\">O BNDES adiantou que quem for desligado por meio do PEA vai continuar vinculado ao Plano de Assist\u00eancia e Sa\u00fade (PAS), que se se estende aos seus dependentes.<\/span><\/p>\n<p><b>Economia<\/b><\/p>\n<p><span style=\"font-weight: 400;\">Pelos c\u00e1lculos do banco, caso todos os empregados eleg\u00edveis optem pelo PEA BNDES 2020, haver\u00e1 uma economia nominal anual de aproximadamente R$ 190 milh\u00f5es, valor que pode chegar a R$ 950 milh\u00f5es em cinco anos.<\/span><\/p>\n<p><b>Transi\u00e7\u00e3o<\/b><\/p>\n<p><span style=\"font-weight: 400;\">Junto com o plano, os empregados ter\u00e3o \u00e0 disposi\u00e7\u00e3o o programa Novos Tempos, que \u00e9 um ciclo de palestras de prepara\u00e7\u00e3o \u00e0 aposentadoria realizado por uma consultoria especializada. A inten\u00e7\u00e3o \u00e9 auxiliar na transi\u00e7\u00e3o de carreira dos empregados que aderirem ao plano.<\/span><\/p>\n<p><span style=\"font-weight: 400;\">O empregado participar\u00e1 tamb\u00e9m, antes do desligamento, de um ciclo de transmiss\u00e3o do conhecimento, organizado pela \u00c1rea de Gest\u00e3o de Pessoas e Cultura Organizacional do Banco. A medida \u00e9 para fazer o compartilhamento de experi\u00eancias e o treinamento do corpo funcional nas atividades espec\u00edficas desenvolvidas.<\/span><\/p>\n<p><strong>Fonte:<\/strong> Ag\u00eancia Brasil<\/p>\n","protected":false},"excerpt":{"rendered":"<p>O Banco Nacional de Desenvolvimento Econ\u00f4mico e Social (BNDES) lan\u00e7a, nesta segunda-feira (20), um plano de est\u00edmulo \u00e0 aposentadoria para seus servidores. Na avalia\u00e7\u00e3o do banco, o PEA BNDES 2020 tem potencial para atingir aproximadamente 10% dos 2.623 empregados do seu quadro atual. O prazo de ades\u00e3o ser\u00e1 de 27 de julho a 21 de [&hellip;]<\/p>\n","protected":false},"author":96,"featured_media":164916,"comment_status":"closed","ping_status":"closed","sticky":false,"template":"","format":"standard","meta":{"footnotes":""},"categories":[436,261,439],"tags":[],"class_list":["post-164915","post","type-post","status-publish","format-standard","has-post-thumbnail","hentry","category-destaque-da-semana","category-economia","category-ultima-hora"],"_links":{"self":[{"href":"https:\/\/diarioregionaldigital.com.br\/index.php?rest_route=\/wp\/v2\/posts\/164915","targetHints":{"allow":["GET"]}}],"collection":[{"href":"https:\/\/diarioregionaldigital.com.br\/index.php?rest_route=\/wp\/v2\/posts"}],"about":[{"href":"https:\/\/diarioregionaldigital.com.br\/index.php?rest_route=\/wp\/v2\/types\/post"}],"author":[{"embeddable":true,"href":"https:\/\/diarioregionaldigital.com.br\/index.php?rest_route=\/wp\/v2\/users\/96"}],"replies":[{"embeddable":true,"href":"https:\/\/diarioregionaldigital.com.br\/index.php?rest_route=%2Fwp%2Fv2%2Fcomments&post=164915"}],"version-history":[{"count":0,"href":"https:\/\/diarioregionaldigital.com.br\/index.php?rest_route=\/wp\/v2\/posts\/164915\/revisions"}],"wp:featuredmedia":[{"embeddable":true,"href":"https:\/\/diarioregionaldigital.com.br\/index.php?rest_route=\/wp\/v2\/media\/164916"}],"wp:attachment":[{"href":"https:\/\/diarioregionaldigital.com.br\/index.php?rest_route=%2Fwp%2Fv2%2Fmedia&parent=164915"}],"wp:term":[{"taxonomy":"category","embeddable":true,"href":"https:\/\/diarioregionaldigital.com.br\/index.php?rest_route=%2Fwp%2Fv2%2Fcategories&post=164915"},{"taxonomy":"post_tag","embeddable":true,"href":"https:\/\/diarioregionaldigital.com.br\/index.php?rest_route=%2Fwp%2Fv2%2Ftags&post=164915"}],"curies":[{"name":"wp","href":"https:\/\/api.w.org\/{rel}","templated":true}]}}