{"id":164909,"date":"2020-07-20T14:11:16","date_gmt":"2020-07-20T17:11:16","guid":{"rendered":"https:\/\/diarioregionaldigital.com.br\/?p=164909"},"modified":"2020-07-20T14:11:16","modified_gmt":"2020-07-20T17:11:16","slug":"covid-19-minas-gerais-passa-da-marca-de-2-mil-mortes-confirmadas","status":"publish","type":"post","link":"https:\/\/diarioregionaldigital.com.br\/?p=164909","title":{"rendered":"Covid-19: Minas Gerais passa da marca de 2 mil mortes confirmadas"},"content":{"rendered":"<p>O <a href=\"https:\/\/www.saude.mg.gov.br\/images\/noticias_e_eventos\/Boletim_Epidemiologico_COVID-19_20.07.2020.pdf\">boletim epidemiol\u00f3gico<\/a> divulgado nesta segunda-feira (20) pela Secretaria de Estado da Sa\u00fade de Minas Gerais (SES-MG), aponta que o estado chegou a marca de 2.004 mortes registradas por Coronav\u00edrus. O n\u00famero de casos confirmados chega a 94.132 e 66.369 pacientes est\u00e3o recuperados da doen\u00e7a, representando 70,5% dos casos. Conforme o levantamento 25.271 pacientes est\u00e3o sob acompanhamento m\u00e9dico. At\u00e9 ent\u00e3o foram feitos 61.084 testes laboratoriais, sendo que 13.630 deram positivo, 44.819 deram negativo e 1.647 est\u00e3o sob an\u00e1lise.<\/p>\n<p>Confira abaixo a tabela completa com os \u00f3bitos confirmados no estado:<\/p>\n<p><a href=\"https:\/\/diarioregionaldigital.com.br\/wp-content\/uploads\/2020\/07\/OBITOS_CONF_COVID-19_MG_20.07.2020.xlsx\">OBITOS_CONF_COVID-19_MG_20.07.2020<\/a><\/p>\n<p>&nbsp;<\/p>\n","protected":false},"excerpt":{"rendered":"<p>O boletim epidemiol\u00f3gico divulgado nesta segunda-feira (20) pela Secretaria de Estado da Sa\u00fade de Minas Gerais (SES-MG), aponta que o estado chegou a marca de 2.004 mortes registradas por Coronav\u00edrus. O n\u00famero de casos confirmados chega a 94.132 e 66.369 pacientes est\u00e3o recuperados da doen\u00e7a, representando 70,5% dos casos. Conforme o levantamento 25.271 pacientes est\u00e3o [&hellip;]<\/p>\n","protected":false},"author":96,"featured_media":159282,"comment_status":"closed","ping_status":"closed","sticky":false,"template":"","format":"standard","meta":{"footnotes":""},"categories":[436,440,252,439],"tags":[],"class_list":["post-164909","post","type-post","status-publish","format-standard","has-post-thumbnail","hentry","category-destaque-da-semana","category-destaques-do-dia","category-regiao","category-ultima-hora"],"_links":{"self":[{"href":"https:\/\/diarioregionaldigital.com.br\/index.php?rest_route=\/wp\/v2\/posts\/164909","targetHints":{"allow":["GET"]}}],"collection":[{"href":"https:\/\/diarioregionaldigital.com.br\/index.php?rest_route=\/wp\/v2\/posts"}],"about":[{"href":"https:\/\/diarioregionaldigital.com.br\/index.php?rest_route=\/wp\/v2\/types\/post"}],"author":[{"embeddable":true,"href":"https:\/\/diarioregionaldigital.com.br\/index.php?rest_route=\/wp\/v2\/users\/96"}],"replies":[{"embeddable":true,"href":"https:\/\/diarioregionaldigital.com.br\/index.php?rest_route=%2Fwp%2Fv2%2Fcomments&post=164909"}],"version-history":[{"count":0,"href":"https:\/\/diarioregionaldigital.com.br\/index.php?rest_route=\/wp\/v2\/posts\/164909\/revisions"}],"wp:featuredmedia":[{"embeddable":true,"href":"https:\/\/diarioregionaldigital.com.br\/index.php?rest_route=\/wp\/v2\/media\/159282"}],"wp:attachment":[{"href":"https:\/\/diarioregionaldigital.com.br\/index.php?rest_route=%2Fwp%2Fv2%2Fmedia&parent=164909"}],"wp:term":[{"taxonomy":"category","embeddable":true,"href":"https:\/\/diarioregionaldigital.com.br\/index.php?rest_route=%2Fwp%2Fv2%2Fcategories&post=164909"},{"taxonomy":"post_tag","embeddable":true,"href":"https:\/\/diarioregionaldigital.com.br\/index.php?rest_route=%2Fwp%2Fv2%2Ftags&post=164909"}],"curies":[{"name":"wp","href":"https:\/\/api.w.org\/{rel}","templated":true}]}}