{"id":164890,"date":"2020-07-19T06:00:05","date_gmt":"2020-07-19T09:00:05","guid":{"rendered":"https:\/\/diarioregionaldigital.com.br\/?p=164890"},"modified":"2020-07-18T22:47:36","modified_gmt":"2020-07-19T01:47:36","slug":"sucesso-absoluto","status":"publish","type":"post","link":"https:\/\/diarioregionaldigital.com.br\/?p=164890","title":{"rendered":"Sucesso Absoluto"},"content":{"rendered":"<p style=\"text-align: center;\"><strong>Novo Cen\u00e1rio<\/strong><\/p>\n<p style=\"text-align: center;\">Capital da moda e epicentro da Covid-19 na It\u00e1lia, Mil\u00e3o teve as ruas reabertas depois de 56 dias de quarentena e j\u00e1 apresenta as tend\u00eancias deste inverno. No Brasil vai aparecendo aos poucos as botas e bolsas Paula Torres Camisas Leather, Colares e brincos Carol Kern e blusas do Ateli\u00ea Alexandrina (para elas) e a juiz-forana M.Marques (para eles e elas).<\/p>\n<p style=\"text-align: center;\"><strong>No Ponto<\/strong><\/p>\n<p style=\"text-align: center;\">Carnes defumadas e seus acompanhamentos embalados a v\u00e1cuo como uma macia costela e batatas assadas e temperadas, s\u00e3o op\u00e7\u00f5es e o triunfo da Azzul Colab, marca criada pelo chef Rafael Ramos, para finalizar em casa. O delivery de defumados, no momento s\u00f3 encontrados no Rio de Janeiro.<\/p>\n<p style=\"text-align: center;\"><span style=\"font-size: 14pt;\"><strong>Para Refletir<\/strong><\/span><\/p>\n<p style=\"text-align: center;\">Em tempos de pandemia n\u00e3o \u00e9 se apegando a s\u00edmbolos de status que prestaremos homenagem \u00e1 nossa sobreviv\u00eancia, e sim expandindo nossa criatividade, encontrando os amigos, bebendo e comendo com eles, namorando, celebrando as sensa\u00e7\u00f5es, n\u00e3o as aquisi\u00e7\u00f5es materiais.<\/p>\n<p style=\"text-align: center;\"><span style=\"font-size: 18pt;\"><strong>Sucesso Absoluto<\/strong><\/span><\/p>\n<p style=\"text-align: center;\">Na semana passada, a doutoranda em Comunica\u00e7\u00e3o Talita Magnolo participou de dois eventos internacionais, por\u00e9m por conta da pandemia, se tornaram virtuais. No Congresso Mapping The Magazine, que aconteceria em Portugal Talita representou o Brasil entre os 28 conferencistas da Social History Society, da Inglaterra, tamb\u00e9m teve participa\u00e7\u00e3o significativa. Aplausos.<\/p>\n<div id=\"attachment_164876\" style=\"width: 690px\" class=\"wp-caption aligncenter\"><img loading=\"lazy\" decoding=\"async\" aria-describedby=\"caption-attachment-164876\" class=\"wp-image-164876\" src=\"https:\/\/diarioregionaldigital.com.br\/wp-content\/uploads\/2020\/07\/fotoa-1-e1595045526961.jpeg\" alt=\"\" width=\"680\" height=\"461\" srcset=\"https:\/\/diarioregionaldigital.com.br\/wp-content\/uploads\/2020\/07\/fotoa-1-e1595045526961.jpeg 1264w, https:\/\/diarioregionaldigital.com.br\/wp-content\/uploads\/2020\/07\/fotoa-1-e1595045526961-300x203.jpeg 300w, https:\/\/diarioregionaldigital.com.br\/wp-content\/uploads\/2020\/07\/fotoa-1-e1595045526961-1024x694.jpeg 1024w, https:\/\/diarioregionaldigital.com.br\/wp-content\/uploads\/2020\/07\/fotoa-1-e1595045526961-768x521.jpeg 768w, https:\/\/diarioregionaldigital.com.br\/wp-content\/uploads\/2020\/07\/fotoa-1-e1595045526961-360x244.jpeg 360w\" sizes=\"auto, (max-width: 680px) 100vw, 680px\" \/><p id=\"caption-attachment-164876\" class=\"wp-caption-text\">Talita Magnolo<\/p><\/div>\n<div id=\"attachment_164878\" style=\"width: 690px\" class=\"wp-caption aligncenter\"><img loading=\"lazy\" decoding=\"async\" aria-describedby=\"caption-attachment-164878\" class=\"wp-image-164878\" src=\"https:\/\/diarioregionaldigital.com.br\/wp-content\/uploads\/2020\/07\/fotob-11-e1595045589476.jpg\" alt=\"\" width=\"680\" height=\"503\" srcset=\"https:\/\/diarioregionaldigital.com.br\/wp-content\/uploads\/2020\/07\/fotob-11-e1595045589476.jpg 1584w, https:\/\/diarioregionaldigital.com.br\/wp-content\/uploads\/2020\/07\/fotob-11-e1595045589476-300x222.jpg 300w, https:\/\/diarioregionaldigital.com.br\/wp-content\/uploads\/2020\/07\/fotob-11-e1595045589476-1024x758.jpg 1024w, https:\/\/diarioregionaldigital.com.br\/wp-content\/uploads\/2020\/07\/fotob-11-e1595045589476-768x568.jpg 768w, https:\/\/diarioregionaldigital.com.br\/wp-content\/uploads\/2020\/07\/fotob-11-e1595045589476-1536x1136.jpg 1536w, https:\/\/diarioregionaldigital.com.br\/wp-content\/uploads\/2020\/07\/fotob-11-e1595045589476-360x266.jpg 360w\" sizes=\"auto, (max-width: 680px) 100vw, 680px\" \/><p id=\"caption-attachment-164878\" class=\"wp-caption-text\">A elegante e bonita juiz-forana Veralice Tam circulando pelos lugares requintados na Sui\u00e7a<\/p><\/div>\n<div id=\"attachment_164880\" style=\"width: 690px\" class=\"wp-caption aligncenter\"><img loading=\"lazy\" decoding=\"async\" aria-describedby=\"caption-attachment-164880\" class=\"wp-image-164880\" src=\"https:\/\/diarioregionaldigital.com.br\/wp-content\/uploads\/2020\/07\/fotoc-9-e1595045643166.jpg\" alt=\"\" width=\"680\" height=\"517\" srcset=\"https:\/\/diarioregionaldigital.com.br\/wp-content\/uploads\/2020\/07\/fotoc-9-e1595045643166.jpg 1191w, https:\/\/diarioregionaldigital.com.br\/wp-content\/uploads\/2020\/07\/fotoc-9-e1595045643166-300x228.jpg 300w, https:\/\/diarioregionaldigital.com.br\/wp-content\/uploads\/2020\/07\/fotoc-9-e1595045643166-1024x779.jpg 1024w, https:\/\/diarioregionaldigital.com.br\/wp-content\/uploads\/2020\/07\/fotoc-9-e1595045643166-768x584.jpg 768w, https:\/\/diarioregionaldigital.com.br\/wp-content\/uploads\/2020\/07\/fotoc-9-e1595045643166-360x274.jpg 360w\" sizes=\"auto, (max-width: 680px) 100vw, 680px\" \/><p id=\"caption-attachment-164880\" class=\"wp-caption-text\">O maquiador das estrelas Gustavo Henrique, no intervalo de seu curso on-line<\/p><\/div>\n<div id=\"attachment_164879\" style=\"width: 690px\" class=\"wp-caption aligncenter\"><img loading=\"lazy\" decoding=\"async\" aria-describedby=\"caption-attachment-164879\" class=\"wp-image-164879\" src=\"https:\/\/diarioregionaldigital.com.br\/wp-content\/uploads\/2020\/07\/fotobb-3-e1595045616768.jpg\" alt=\"\" width=\"680\" height=\"485\" srcset=\"https:\/\/diarioregionaldigital.com.br\/wp-content\/uploads\/2020\/07\/fotobb-3-e1595045616768.jpg 1238w, https:\/\/diarioregionaldigital.com.br\/wp-content\/uploads\/2020\/07\/fotobb-3-e1595045616768-300x214.jpg 300w, https:\/\/diarioregionaldigital.com.br\/wp-content\/uploads\/2020\/07\/fotobb-3-e1595045616768-1024x730.jpg 1024w, https:\/\/diarioregionaldigital.com.br\/wp-content\/uploads\/2020\/07\/fotobb-3-e1595045616768-768x548.jpg 768w, https:\/\/diarioregionaldigital.com.br\/wp-content\/uploads\/2020\/07\/fotobb-3-e1595045616768-360x257.jpg 360w, https:\/\/diarioregionaldigital.com.br\/wp-content\/uploads\/2020\/07\/fotobb-3-e1595045616768-100x70.jpg 100w\" sizes=\"auto, (max-width: 680px) 100vw, 680px\" \/><p id=\"caption-attachment-164879\" class=\"wp-caption-text\">O aniversariante da 2\u00aa feira (20) Victor Alexander, posou com sua m\u00e3e Magaly Ventura e a irm\u00e3 J\u00falia D\u00e9bora<\/p><\/div>\n<div id=\"attachment_164877\" style=\"width: 690px\" class=\"wp-caption aligncenter\"><img loading=\"lazy\" decoding=\"async\" aria-describedby=\"caption-attachment-164877\" class=\"wp-image-164877\" src=\"https:\/\/diarioregionaldigital.com.br\/wp-content\/uploads\/2020\/07\/fotoaa-6-e1595045557999.jpeg\" alt=\"\" width=\"680\" height=\"497\" srcset=\"https:\/\/diarioregionaldigital.com.br\/wp-content\/uploads\/2020\/07\/fotoaa-6-e1595045557999.jpeg 649w, https:\/\/diarioregionaldigital.com.br\/wp-content\/uploads\/2020\/07\/fotoaa-6-e1595045557999-300x219.jpeg 300w, https:\/\/diarioregionaldigital.com.br\/wp-content\/uploads\/2020\/07\/fotoaa-6-e1595045557999-360x263.jpeg 360w\" sizes=\"auto, (max-width: 680px) 100vw, 680px\" \/><p id=\"caption-attachment-164877\" class=\"wp-caption-text\">Comemorando Bodas de Ouro, o querido casal Roque Fernando Gon\u00e7alves e Jane Jussara Gon\u00e7alves<\/p><\/div>\n<div id=\"attachment_164883\" style=\"width: 690px\" class=\"wp-caption aligncenter\"><img loading=\"lazy\" decoding=\"async\" aria-describedby=\"caption-attachment-164883\" class=\"wp-image-164883\" src=\"https:\/\/diarioregionaldigital.com.br\/wp-content\/uploads\/2020\/07\/fotof-10-e1595045726529.jpg\" alt=\"\" width=\"680\" height=\"512\" srcset=\"https:\/\/diarioregionaldigital.com.br\/wp-content\/uploads\/2020\/07\/fotof-10-e1595045726529.jpg 771w, https:\/\/diarioregionaldigital.com.br\/wp-content\/uploads\/2020\/07\/fotof-10-e1595045726529-300x226.jpg 300w, https:\/\/diarioregionaldigital.com.br\/wp-content\/uploads\/2020\/07\/fotof-10-e1595045726529-768x578.jpg 768w, https:\/\/diarioregionaldigital.com.br\/wp-content\/uploads\/2020\/07\/fotof-10-e1595045726529-360x271.jpg 360w\" sizes=\"auto, (max-width: 680px) 100vw, 680px\" \/><p id=\"caption-attachment-164883\" class=\"wp-caption-text\">O charme do comunicador, Leonardo Souza<\/p><\/div>\n<div id=\"attachment_164882\" style=\"width: 690px\" class=\"wp-caption aligncenter\"><img loading=\"lazy\" decoding=\"async\" aria-describedby=\"caption-attachment-164882\" class=\"wp-image-164882\" src=\"https:\/\/diarioregionaldigital.com.br\/wp-content\/uploads\/2020\/07\/fotoe-9-e1595045702195.jpg\" alt=\"\" width=\"680\" height=\"513\" srcset=\"https:\/\/diarioregionaldigital.com.br\/wp-content\/uploads\/2020\/07\/fotoe-9-e1595045702195.jpg 632w, https:\/\/diarioregionaldigital.com.br\/wp-content\/uploads\/2020\/07\/fotoe-9-e1595045702195-300x226.jpg 300w, https:\/\/diarioregionaldigital.com.br\/wp-content\/uploads\/2020\/07\/fotoe-9-e1595045702195-360x272.jpg 360w\" sizes=\"auto, (max-width: 680px) 100vw, 680px\" \/><p id=\"caption-attachment-164882\" class=\"wp-caption-text\">Aniversariante de destaque da temporada social, a bonita Let\u00edcia Matta<\/p><\/div>\n<div id=\"attachment_164885\" style=\"width: 690px\" class=\"wp-caption aligncenter\"><img loading=\"lazy\" decoding=\"async\" aria-describedby=\"caption-attachment-164885\" class=\"wp-image-164885\" src=\"https:\/\/diarioregionaldigital.com.br\/wp-content\/uploads\/2020\/07\/fotoh-11-e1595045776243.jpg\" alt=\"\" width=\"680\" height=\"509\" srcset=\"https:\/\/diarioregionaldigital.com.br\/wp-content\/uploads\/2020\/07\/fotoh-11-e1595045776243.jpg 948w, https:\/\/diarioregionaldigital.com.br\/wp-content\/uploads\/2020\/07\/fotoh-11-e1595045776243-300x224.jpg 300w, https:\/\/diarioregionaldigital.com.br\/wp-content\/uploads\/2020\/07\/fotoh-11-e1595045776243-768x574.jpg 768w, https:\/\/diarioregionaldigital.com.br\/wp-content\/uploads\/2020\/07\/fotoh-11-e1595045776243-360x269.jpg 360w\" sizes=\"auto, (max-width: 680px) 100vw, 680px\" \/><p id=\"caption-attachment-164885\" class=\"wp-caption-text\">Um sorrisos lindo da fot\u00f3grafa Raquel Fernanda, iluminando o domingo maior<\/p><\/div>\n<div id=\"attachment_164884\" style=\"width: 690px\" class=\"wp-caption aligncenter\"><img loading=\"lazy\" decoding=\"async\" aria-describedby=\"caption-attachment-164884\" class=\"wp-image-164884\" src=\"https:\/\/diarioregionaldigital.com.br\/wp-content\/uploads\/2020\/07\/fotog-10-scaled-e1595045747734.jpg\" alt=\"\" width=\"680\" height=\"494\" srcset=\"https:\/\/diarioregionaldigital.com.br\/wp-content\/uploads\/2020\/07\/fotog-10-scaled-e1595045747734.jpg 2316w, https:\/\/diarioregionaldigital.com.br\/wp-content\/uploads\/2020\/07\/fotog-10-scaled-e1595045747734-300x218.jpg 300w, https:\/\/diarioregionaldigital.com.br\/wp-content\/uploads\/2020\/07\/fotog-10-scaled-e1595045747734-1024x744.jpg 1024w, https:\/\/diarioregionaldigital.com.br\/wp-content\/uploads\/2020\/07\/fotog-10-scaled-e1595045747734-768x558.jpg 768w, https:\/\/diarioregionaldigital.com.br\/wp-content\/uploads\/2020\/07\/fotog-10-scaled-e1595045747734-1536x1116.jpg 1536w, https:\/\/diarioregionaldigital.com.br\/wp-content\/uploads\/2020\/07\/fotog-10-scaled-e1595045747734-2048x1488.jpg 2048w, https:\/\/diarioregionaldigital.com.br\/wp-content\/uploads\/2020\/07\/fotog-10-scaled-e1595045747734-360x262.jpg 360w\" sizes=\"auto, (max-width: 680px) 100vw, 680px\" \/><p id=\"caption-attachment-164884\" class=\"wp-caption-text\">Em noite suntuosa no MHall antes da pandemia, Rafael Panorama, Patricia Alvim, Eduardo Gomes e Kempton Vianna<\/p><\/div>\n<div id=\"attachment_164881\" style=\"width: 690px\" class=\"wp-caption aligncenter\"><img loading=\"lazy\" decoding=\"async\" aria-describedby=\"caption-attachment-164881\" class=\"wp-image-164881\" src=\"https:\/\/diarioregionaldigital.com.br\/wp-content\/uploads\/2020\/07\/fotod-11-e1595045670853.jpg\" alt=\"\" width=\"680\" height=\"456\" srcset=\"https:\/\/diarioregionaldigital.com.br\/wp-content\/uploads\/2020\/07\/fotod-11-e1595045670853.jpg 462w, https:\/\/diarioregionaldigital.com.br\/wp-content\/uploads\/2020\/07\/fotod-11-e1595045670853-300x201.jpg 300w, https:\/\/diarioregionaldigital.com.br\/wp-content\/uploads\/2020\/07\/fotod-11-e1595045670853-360x242.jpg 360w\" sizes=\"auto, (max-width: 680px) 100vw, 680px\" \/><p id=\"caption-attachment-164881\" class=\"wp-caption-text\">Mulheres rainha no Bom Pastor, L\u00facia Abdalla, Marlene Belo, M\u00f4nica Gomide Guimar\u00e3es, Ticiane Ciampi, Maria Helena Santos e Ieda Ciampi<\/p><\/div>\n<p style=\"text-align: center;\"><strong>FOTOSS\u00cdNTESE<\/strong><\/p>\n<p>Causou impacto a live \u201cIdoso em Foco\u201d com o professor nutricionista da UFJF, Renato Nunes e com a Educadora F\u00edsica e especialista em envelhecimento (UVA), J\u00e9ssica Sobrinho. Na pauta, nutri\u00e7\u00e3o e atividade f\u00edsica em tempo de isolamento social. O bate-papo foi intermediado por Sesano Ferreira.<\/p>\n<p>Correio Elegante: Um abra\u00e7o carinhoso para Luiza Arag\u00e3o Ramos, Wesley Ferry, Cris Bissoli, Florinha Carmo, Kempton Vianna, Ros\u00e2ngela Rossi, Ramon Wagner, T\u00falio Vila\u00e7a e Anna Ede.<\/p>\n<p>Em estilo \u00fanico a galeria virtual de MAMM\/UFJF est\u00e1 apresentando a bel\u00edssima exposi\u00e7\u00e3o \u201cGrafias e M\u00faltiplos\u201d, com 24 gravuras de artistas de real valor.<\/p>\n<p>Noticia: O Parlamento Jovem, que re\u00fane estudantes da rede p\u00fablica de todo o estado, suspendeu o calend\u00e1rio deste ano, ap\u00f3s reuni\u00e3o entre a coordena\u00e7\u00e3o estadual e os coordenadores dos polos regionais- entre eles o de Juiz de Fora.<\/p>\n<p>Segundo pesquisa do Sebrae\/MG a maior parte das micro e pequenas empresas (MPEs) mineiras que conseguiram aumentar as vendas durante o per\u00edodo de pandemia do Covid-19 investiram no comercio on-line.<\/p>\n<p>Aten\u00e7\u00e3o: as ondas verde, amarela e vermelha ganhar\u00e3o em breve a onda preta. A onda de contamina\u00e7\u00e3o pelo Covid-19 aumento muito em Juiz de Fora.<\/p>\n<p>Completou 42 anos a Rezato Im\u00f3veis. Parab\u00e9ns para os empres\u00e1rios da constru\u00e7\u00e3o civil, Wilson Rezato e Vin\u00edcius Banhato.<\/p>\n<p>Bombou no s\u00e1bado (17) no YouTube a live repleta de sucessos do funk comemorando os 25 anos de noite do DjMorango.<\/p>\n<p>Recado: \u201cSe puder me manda uma not\u00edcia boa, porque aqui a coisa est\u00e1 preta\u201d (Chico Buarque) Bom dia.<\/p>\n<p><img loading=\"lazy\" decoding=\"async\" class=\"aligncenter size-full wp-image-164891\" src=\"https:\/\/diarioregionaldigital.com.br\/wp-content\/uploads\/2020\/07\/anuncio49-scaled.jpg\" alt=\"\" width=\"2560\" height=\"976\" srcset=\"https:\/\/diarioregionaldigital.com.br\/wp-content\/uploads\/2020\/07\/anuncio49-scaled.jpg 2560w, https:\/\/diarioregionaldigital.com.br\/wp-content\/uploads\/2020\/07\/anuncio49-300x114.jpg 300w, https:\/\/diarioregionaldigital.com.br\/wp-content\/uploads\/2020\/07\/anuncio49-1024x391.jpg 1024w, https:\/\/diarioregionaldigital.com.br\/wp-content\/uploads\/2020\/07\/anuncio49-768x293.jpg 768w, https:\/\/diarioregionaldigital.com.br\/wp-content\/uploads\/2020\/07\/anuncio49-1536x586.jpg 1536w, https:\/\/diarioregionaldigital.com.br\/wp-content\/uploads\/2020\/07\/anuncio49-2048x781.jpg 2048w, https:\/\/diarioregionaldigital.com.br\/wp-content\/uploads\/2020\/07\/anuncio49-360x137.jpg 360w\" sizes=\"auto, (max-width: 2560px) 100vw, 2560px\" \/><\/p>\n","protected":false},"excerpt":{"rendered":"<p>Novo Cen\u00e1rio Capital da moda e epicentro da Covid-19 na It\u00e1lia, Mil\u00e3o teve as ruas reabertas depois de 56 dias de quarentena e j\u00e1 apresenta as tend\u00eancias deste inverno. No Brasil vai aparecendo aos poucos as botas e bolsas Paula Torres Camisas Leather, Colares e brincos Carol Kern e blusas do Ateli\u00ea Alexandrina (para elas) [&hellip;]<\/p>\n","protected":false},"author":96,"featured_media":164876,"comment_status":"closed","ping_status":"closed","sticky":false,"template":"","format":"standard","meta":{"footnotes":""},"categories":[264],"tags":[],"class_list":["post-164890","post","type-post","status-publish","format-standard","has-post-thumbnail","hentry","category-eduardo-gomes"],"_links":{"self":[{"href":"https:\/\/diarioregionaldigital.com.br\/index.php?rest_route=\/wp\/v2\/posts\/164890","targetHints":{"allow":["GET"]}}],"collection":[{"href":"https:\/\/diarioregionaldigital.com.br\/index.php?rest_route=\/wp\/v2\/posts"}],"about":[{"href":"https:\/\/diarioregionaldigital.com.br\/index.php?rest_route=\/wp\/v2\/types\/post"}],"author":[{"embeddable":true,"href":"https:\/\/diarioregionaldigital.com.br\/index.php?rest_route=\/wp\/v2\/users\/96"}],"replies":[{"embeddable":true,"href":"https:\/\/diarioregionaldigital.com.br\/index.php?rest_route=%2Fwp%2Fv2%2Fcomments&post=164890"}],"version-history":[{"count":0,"href":"https:\/\/diarioregionaldigital.com.br\/index.php?rest_route=\/wp\/v2\/posts\/164890\/revisions"}],"wp:featuredmedia":[{"embeddable":true,"href":"https:\/\/diarioregionaldigital.com.br\/index.php?rest_route=\/wp\/v2\/media\/164876"}],"wp:attachment":[{"href":"https:\/\/diarioregionaldigital.com.br\/index.php?rest_route=%2Fwp%2Fv2%2Fmedia&parent=164890"}],"wp:term":[{"taxonomy":"category","embeddable":true,"href":"https:\/\/diarioregionaldigital.com.br\/index.php?rest_route=%2Fwp%2Fv2%2Fcategories&post=164890"},{"taxonomy":"post_tag","embeddable":true,"href":"https:\/\/diarioregionaldigital.com.br\/index.php?rest_route=%2Fwp%2Fv2%2Ftags&post=164890"}],"curies":[{"name":"wp","href":"https:\/\/api.w.org\/{rel}","templated":true}]}}