{"id":164886,"date":"2020-07-17T22:03:53","date_gmt":"2020-07-18T01:03:53","guid":{"rendered":"https:\/\/diarioregionaldigital.com.br\/?p=164886"},"modified":"2020-07-17T22:03:53","modified_gmt":"2020-07-18T01:03:53","slug":"covid-19-brasil-registra-mais-de-34-mil-novos-casos-em-24-horas","status":"publish","type":"post","link":"https:\/\/diarioregionaldigital.com.br\/?p=164886","title":{"rendered":"Covid-19: Brasil registra mais de 34 mil novos casos em 24 horas"},"content":{"rendered":"<p>O boletim epidemiol\u00f3gico do Minist\u00e9rio da Sa\u00fade, divulgado nesta sexta-feira\u00a0(17),\u00a0mostrou que o novo coronav\u00edrus atingiu 2.046.328 de pessoas, no Brasil, desde o in\u00edcio da pandemia. Desse total, 1.321.036 pacientes conseguiram se recuperar da covid-19, doen\u00e7a que causou a morte de 77.851 brasileiros. Atualmente, 647.441 pacientes est\u00e3o em tratamento. Nas \u00faltimas 24 horas, o pa\u00eds registrou 34.177 novos casoss da doen\u00e7a e 1.163 \u00f3bitos.\u00a0<img decoding=\"async\" src=\"https:\/\/agenciabrasil.ebc.com.br\/ebc.png?id=1311783&amp;o=node\" \/><\/p>\n<p>Os estados com mais mortes por covid-19 s\u00e3o: S\u00e3o Paulo (19.377), Rio\u00a0de Janeiro\u00a0(11.919), Cear\u00e1 (7.165), Pernambuco (5.869) e Par\u00e1 (5.448). As Unidades da Federa\u00e7\u00e3o com menos falecimentos pela pandemia s\u00e3o: Mato Grosso do Sul (203), Tocantins (283), Roraima (425), Acre (452) e Amap\u00e1 (499).<\/p>\n<p>Os estados com mais casos confirmados de covid-19 desde o in\u00edcio da pandemia s\u00e3o: S\u00e3o Paulo (407.415), Cear\u00e1 (145.938), Rio\u00a0de Janeiro\u00a0(135.230), Par\u00e1 (135.164) e Bahia (118.657). As Unidades da Federa\u00e7\u00e3o com menos pessoas infectadas registradas s\u00e3o: Mato Grosso do Sul (15.805), Tocantins (16.954), Acre (16.965), Roraima (25.007) e Rond\u00f4nia (29.117).<\/p>\n<p><strong>M\u00e9dico deve ser procurado o mais breve poss\u00edvel<\/strong><\/p>\n<p>Em coletiva de imprensa realizada na tarde de\u00a0hoje\u00a0(17), o secret\u00e1rio executivo do Minist\u00e9rio da Sa\u00fade, Elcio Franco, refor\u00e7ou a orienta\u00e7\u00e3o do governo de que a pessoa procure um m\u00e9dico aos primeiros sintomas de covid-19. \u201cOs pacientes, ao sentirem esses sintomas, devem procurar um servi\u00e7o de sa\u00fade, mesmo que sejam sintomas leves. O objetivo \u00e9 garantir a oportunidade de um tratamento precoce, evitando o agravamento do quadro cl\u00ednico de pacientes e a necessidade de interna\u00e7\u00e3o\u201d.<\/p>\n<p>Franco acrescentou que \u201co m\u00e9dico \u00e9 soberano\u201d na escolha do tratamento mais adequado. \u201cO m\u00e9dico \u00e9 soberano no seu diagn\u00f3stico cl\u00ednico e tamb\u00e9m tem a compet\u00eancia para propor o tratamento mais adequado ao paciente\u201d.<\/p>\n<p>Durante a coletiva, o minist\u00e9rio divulgou dados sobre a distribui\u00e7\u00e3o de ventiladores pulmonares nos estados. Foram entregues, at\u00e9\u00a0hoje, 7.994 ventiladores pulmonares, sendo 1.445 nesta semana. O estado que mais recebeu o equipamento at\u00e9 agora foi o Rio\u00a0de Janeiro. Foram 950 ventiladores para o estado. S\u00e3o Paulo, com 787; Minas Gerais, com 551; e Paran\u00e1, com 534, est\u00e3o entre os estados mais atendidos pelo governo neste quesito.<\/p>\n<p><strong>Fonte:\u00a0<\/strong>Ag\u00eancia Brasil<\/p>\n","protected":false},"excerpt":{"rendered":"<p>O boletim epidemiol\u00f3gico do Minist\u00e9rio da Sa\u00fade, divulgado nesta sexta-feira\u00a0(17),\u00a0mostrou que o novo coronav\u00edrus atingiu 2.046.328 de pessoas, no Brasil, desde o in\u00edcio da pandemia. Desse total, 1.321.036 pacientes conseguiram se recuperar da covid-19, doen\u00e7a que causou a morte de 77.851 brasileiros. Atualmente, 647.441 pacientes est\u00e3o em tratamento. Nas \u00faltimas 24 horas, o pa\u00eds registrou [&hellip;]<\/p>\n","protected":false},"author":96,"featured_media":164887,"comment_status":"closed","ping_status":"closed","sticky":false,"template":"","format":"standard","meta":{"footnotes":""},"categories":[302,436,440,439],"tags":[],"class_list":["post-164886","post","type-post","status-publish","format-standard","has-post-thumbnail","hentry","category-brasil-mundo","category-destaque-da-semana","category-destaques-do-dia","category-ultima-hora"],"_links":{"self":[{"href":"https:\/\/diarioregionaldigital.com.br\/index.php?rest_route=\/wp\/v2\/posts\/164886","targetHints":{"allow":["GET"]}}],"collection":[{"href":"https:\/\/diarioregionaldigital.com.br\/index.php?rest_route=\/wp\/v2\/posts"}],"about":[{"href":"https:\/\/diarioregionaldigital.com.br\/index.php?rest_route=\/wp\/v2\/types\/post"}],"author":[{"embeddable":true,"href":"https:\/\/diarioregionaldigital.com.br\/index.php?rest_route=\/wp\/v2\/users\/96"}],"replies":[{"embeddable":true,"href":"https:\/\/diarioregionaldigital.com.br\/index.php?rest_route=%2Fwp%2Fv2%2Fcomments&post=164886"}],"version-history":[{"count":0,"href":"https:\/\/diarioregionaldigital.com.br\/index.php?rest_route=\/wp\/v2\/posts\/164886\/revisions"}],"wp:featuredmedia":[{"embeddable":true,"href":"https:\/\/diarioregionaldigital.com.br\/index.php?rest_route=\/wp\/v2\/media\/164887"}],"wp:attachment":[{"href":"https:\/\/diarioregionaldigital.com.br\/index.php?rest_route=%2Fwp%2Fv2%2Fmedia&parent=164886"}],"wp:term":[{"taxonomy":"category","embeddable":true,"href":"https:\/\/diarioregionaldigital.com.br\/index.php?rest_route=%2Fwp%2Fv2%2Fcategories&post=164886"},{"taxonomy":"post_tag","embeddable":true,"href":"https:\/\/diarioregionaldigital.com.br\/index.php?rest_route=%2Fwp%2Fv2%2Ftags&post=164886"}],"curies":[{"name":"wp","href":"https:\/\/api.w.org\/{rel}","templated":true}]}}