{"id":164874,"date":"2020-07-17T18:47:10","date_gmt":"2020-07-17T21:47:10","guid":{"rendered":"https:\/\/diarioregionaldigital.com.br\/?p=164874"},"modified":"2020-07-17T18:47:10","modified_gmt":"2020-07-17T21:47:10","slug":"boletim-covid-19-juiz-de-fora-ultrapassa-3-mil-casos-confirmados-nesta-sexta-feira","status":"publish","type":"post","link":"https:\/\/diarioregionaldigital.com.br\/?p=164874","title":{"rendered":"Boletim Covid-19 &#8211; Juiz de Fora ultrapassa 3 mil casos confirmados nesta sexta-feira"},"content":{"rendered":"<p>A Secretaria de Sa\u00fade (SS) da Prefeitura de Juiz de Fora (PJF) registrou nesta sexta-feira, 17, mais duas mortes pelo novo coronav\u00edrus no munic\u00edpio, contabilizando 92 \u00f3bitos. Uma das v\u00edtimas, \u00e9 um idoso de 77 anos que morreu nesta sexta, 17. O outro \u00f3bito, registrado nessa quinta-feira, 16, \u00e9 de um homem de 51 anos. N\u00e3o foram relatadas comorbidades das v\u00edtimas.\u00a0<b>Todos os dados s\u00e3o referentes a moradores de Juiz de Fora.<\/b><\/p>\n<p>Com as atualiza\u00e7\u00f5es, mais 21 novos casos foram confirmados, totalizando 3.014 pessoas infectadas. O boletim ainda registrou mais 194 novas suspeitas, contabilizando 11.270. Um \u00f3bito est\u00e1 sendo investigado.<\/p>\n<p><b>Boletim desta sexta, 17<\/b><\/p>\n<p>&#8211; 11.270 suspeitos<br \/>\n&#8211; 3.014 confirmados<br \/>\n&#8211; 92 \u00f3bitos confirmados<br \/>\n&#8211; 1 \u00f3bito em investiga\u00e7\u00e3o<\/p>\n<p><strong>Fonte:<\/strong> Assessoria<\/p>\n","protected":false},"excerpt":{"rendered":"<p>A Secretaria de Sa\u00fade (SS) da Prefeitura de Juiz de Fora (PJF) registrou nesta sexta-feira, 17, mais duas mortes pelo novo coronav\u00edrus no munic\u00edpio, contabilizando 92 \u00f3bitos. Uma das v\u00edtimas, \u00e9 um idoso de 77 anos que morreu nesta sexta, 17. O outro \u00f3bito, registrado nessa quinta-feira, 16, \u00e9 de um homem de 51 anos. [&hellip;]<\/p>\n","protected":false},"author":96,"featured_media":158353,"comment_status":"closed","ping_status":"closed","sticky":false,"template":"","format":"standard","meta":{"footnotes":""},"categories":[253,436,440,439],"tags":[],"class_list":["post-164874","post","type-post","status-publish","format-standard","has-post-thumbnail","hentry","category-cidade","category-destaque-da-semana","category-destaques-do-dia","category-ultima-hora"],"_links":{"self":[{"href":"https:\/\/diarioregionaldigital.com.br\/index.php?rest_route=\/wp\/v2\/posts\/164874","targetHints":{"allow":["GET"]}}],"collection":[{"href":"https:\/\/diarioregionaldigital.com.br\/index.php?rest_route=\/wp\/v2\/posts"}],"about":[{"href":"https:\/\/diarioregionaldigital.com.br\/index.php?rest_route=\/wp\/v2\/types\/post"}],"author":[{"embeddable":true,"href":"https:\/\/diarioregionaldigital.com.br\/index.php?rest_route=\/wp\/v2\/users\/96"}],"replies":[{"embeddable":true,"href":"https:\/\/diarioregionaldigital.com.br\/index.php?rest_route=%2Fwp%2Fv2%2Fcomments&post=164874"}],"version-history":[{"count":0,"href":"https:\/\/diarioregionaldigital.com.br\/index.php?rest_route=\/wp\/v2\/posts\/164874\/revisions"}],"wp:featuredmedia":[{"embeddable":true,"href":"https:\/\/diarioregionaldigital.com.br\/index.php?rest_route=\/wp\/v2\/media\/158353"}],"wp:attachment":[{"href":"https:\/\/diarioregionaldigital.com.br\/index.php?rest_route=%2Fwp%2Fv2%2Fmedia&parent=164874"}],"wp:term":[{"taxonomy":"category","embeddable":true,"href":"https:\/\/diarioregionaldigital.com.br\/index.php?rest_route=%2Fwp%2Fv2%2Fcategories&post=164874"},{"taxonomy":"post_tag","embeddable":true,"href":"https:\/\/diarioregionaldigital.com.br\/index.php?rest_route=%2Fwp%2Fv2%2Ftags&post=164874"}],"curies":[{"name":"wp","href":"https:\/\/api.w.org\/{rel}","templated":true}]}}