{"id":164871,"date":"2020-07-17T18:20:58","date_gmt":"2020-07-17T21:20:58","guid":{"rendered":"https:\/\/diarioregionaldigital.com.br\/?p=164871"},"modified":"2020-07-17T18:20:58","modified_gmt":"2020-07-17T21:20:58","slug":"ufjf-enviou-456-laudos-de-covid-19-a-pjf-nesta-semana","status":"publish","type":"post","link":"https:\/\/diarioregionaldigital.com.br\/?p=164871","title":{"rendered":"UFJF enviou 456 laudos de covid-19 \u00e0 PJF nesta semana"},"content":{"rendered":"<p><span style=\"font-weight: 400;\">Do dia 10 at\u00e9 essa sexta-feira (17), a Prefeitura de Juiz de Fora (PJF) recebeu 456 novos laudos sobre covid-19, fruto das amostras analisadas pelos laborat\u00f3rios da Universidade Federal de Juiz de Fora (UFJF). De acordo com o Departamento de Vigil\u00e2ncia Epidemiol\u00f3gica e Ambiental (Dvea), ao todo, a institui\u00e7\u00e3o j\u00e1 encaminhou \u00e0 Secretaria de Sa\u00fade 2.952 resultados, sendo 1.038 positivos para coronav\u00edrus.<\/span><\/p>\n<p><span style=\"font-weight: 400;\">O p\u00fablico eleg\u00edvel para realiza\u00e7\u00e3o dos testes s\u00e3o profissionais de sa\u00fade sintom\u00e1ticos, entre o terceiro e o d\u00e9cimo dia de sintomas; todos os pacientes internados em \u201cleitos covid\u201d, pactuados com o Munic\u00edpio; os atendidos na aten\u00e7\u00e3o b\u00e1sica, em situa\u00e7\u00e3o de vulnerabilidade (acima de 65 anos, cuidadores de idosos, diab\u00e9ticos, hipertensos descompensados e obesos); e servidores, que estejam sintom\u00e1ticos, da seguran\u00e7a p\u00fablica, Departamento Municipal de Limpeza Urbana (Demlurb), Companhia de Saneamento Municipal (Cesama), centros de Refer\u00eancia de Assist\u00eancia Social (Cras) e Especializado de Assist\u00eancia Social (Creas) e demais servi\u00e7os de assist\u00eancia social, que prestam atendimento direto \u00e0 popula\u00e7\u00e3o.<\/span><\/p>\n<p><span style=\"font-weight: 400;\">O material \u00e9 coletado por quatro equipes, desde abril, fruto da parceria da PJF e UFJF, e transportado nas condi\u00e7\u00f5es adequadas para os dois laborat\u00f3rios, sendo um no Instituto de Ci\u00eancias Biol\u00f3gicas e outro na Faculdade de Farm\u00e1cia. Ambos passaram por inspe\u00e7\u00e3o da Vigil\u00e2ncia Sanit\u00e1ria e foram devidamente credenciados, recebendo alvar\u00e1 para funcionamento e efetua\u00e7\u00e3o dos testes.<\/span><\/p>\n<p><strong>Fonte:\u00a0<\/strong>Assessoria<\/p>\n","protected":false},"excerpt":{"rendered":"<p>Do dia 10 at\u00e9 essa sexta-feira (17), a Prefeitura de Juiz de Fora (PJF) recebeu 456 novos laudos sobre covid-19, fruto das amostras analisadas pelos laborat\u00f3rios da Universidade Federal de Juiz de Fora (UFJF). De acordo com o Departamento de Vigil\u00e2ncia Epidemiol\u00f3gica e Ambiental (Dvea), ao todo, a institui\u00e7\u00e3o j\u00e1 encaminhou \u00e0 Secretaria de Sa\u00fade [&hellip;]<\/p>\n","protected":false},"author":96,"featured_media":164872,"comment_status":"closed","ping_status":"closed","sticky":false,"template":"","format":"standard","meta":{"footnotes":""},"categories":[253,436,440,439],"tags":[],"class_list":["post-164871","post","type-post","status-publish","format-standard","has-post-thumbnail","hentry","category-cidade","category-destaque-da-semana","category-destaques-do-dia","category-ultima-hora"],"_links":{"self":[{"href":"https:\/\/diarioregionaldigital.com.br\/index.php?rest_route=\/wp\/v2\/posts\/164871","targetHints":{"allow":["GET"]}}],"collection":[{"href":"https:\/\/diarioregionaldigital.com.br\/index.php?rest_route=\/wp\/v2\/posts"}],"about":[{"href":"https:\/\/diarioregionaldigital.com.br\/index.php?rest_route=\/wp\/v2\/types\/post"}],"author":[{"embeddable":true,"href":"https:\/\/diarioregionaldigital.com.br\/index.php?rest_route=\/wp\/v2\/users\/96"}],"replies":[{"embeddable":true,"href":"https:\/\/diarioregionaldigital.com.br\/index.php?rest_route=%2Fwp%2Fv2%2Fcomments&post=164871"}],"version-history":[{"count":0,"href":"https:\/\/diarioregionaldigital.com.br\/index.php?rest_route=\/wp\/v2\/posts\/164871\/revisions"}],"wp:featuredmedia":[{"embeddable":true,"href":"https:\/\/diarioregionaldigital.com.br\/index.php?rest_route=\/wp\/v2\/media\/164872"}],"wp:attachment":[{"href":"https:\/\/diarioregionaldigital.com.br\/index.php?rest_route=%2Fwp%2Fv2%2Fmedia&parent=164871"}],"wp:term":[{"taxonomy":"category","embeddable":true,"href":"https:\/\/diarioregionaldigital.com.br\/index.php?rest_route=%2Fwp%2Fv2%2Fcategories&post=164871"},{"taxonomy":"post_tag","embeddable":true,"href":"https:\/\/diarioregionaldigital.com.br\/index.php?rest_route=%2Fwp%2Fv2%2Ftags&post=164871"}],"curies":[{"name":"wp","href":"https:\/\/api.w.org\/{rel}","templated":true}]}}