{"id":164868,"date":"2020-07-17T18:12:44","date_gmt":"2020-07-17T21:12:44","guid":{"rendered":"https:\/\/diarioregionaldigital.com.br\/?p=164868"},"modified":"2020-07-17T18:12:44","modified_gmt":"2020-07-17T21:12:44","slug":"saude-amplia-capacidade-assistencial","status":"publish","type":"post","link":"https:\/\/diarioregionaldigital.com.br\/?p=164868","title":{"rendered":"Sa\u00fade amplia capacidade assistencial"},"content":{"rendered":"<p>Em coletiva virtual realizada nesta sexta-feira (17\/7), o secret\u00e1rio de Estado de\u00a0<a href=\"http:\/\/www.saude.mg.gov.br\/\" target=\"_blank\" rel=\"noopener noreferrer\">Sa\u00fade<\/a>\u00a0de Minas Gerais, Carlos Eduardo Amaral, falou sobre as a\u00e7\u00f5es desenvolvidas a fim de superar os desafios apresentados pela epidemia da covid-19 no estado. De acordo com Amaral, dificuldades na aquisi\u00e7\u00e3o de respiradores e de medicamentos s\u00e3o alguns dos gargalos identificados pela secretaria.<\/p>\n<p><strong>Respiradores<\/strong><\/p>\n<p>Apesar das dificuldades na aquisi\u00e7\u00e3o de respiradores, devido ao aumento na demanda mundial por esses equipamentos, o Governo de Minas adquiriu 1.047 m\u00e1quinas para o enfrentamento \u00e0 covid-19. A destina\u00e7\u00e3o dos aparelhos est\u00e1 sendo definida pelo Centro de Opera\u00e7\u00f5es de Emerg\u00eancia em Sa\u00fade (Coes) e determinada conforme crit\u00e9rios epidemiol\u00f3gicos e assistenciais.<\/p>\n<p>\u201cN\u00f3s estamos a cada dia ampliando nossa capacidade assistencial, \u00e0 medida que os respiradores chegam \u00e0 SES. Hoje n\u00f3s contemplamos Patos de Minas, com 9 equipamentos, Ituiutaba, com 3, e o Cons\u00f3rcio Intermunicipal de Urg\u00eancia e Emerg\u00eancia (Consurge), com 9\u201d, detalha o secret\u00e1rio.<\/p>\n<p><strong>Medicamentos<\/strong><\/p>\n<p>J\u00e1 no que se refere ao abastecimento de medicamentos, Carlos Eduardo Amaral destacou que, a\u00a0<a href=\"http:\/\/www.fhemig.mg.gov.br\/\" target=\"_blank\" rel=\"noopener noreferrer\">Funda\u00e7\u00e3o Hospitalar do Estado de Minas Gerais (Fhemig)<\/a>\u00a0conta, no momento, com estoque consider\u00e1vel, n\u00e3o havendo risco de desabastecimento. Entretanto, o gestor pontua que a SES-MG monitora a situa\u00e7\u00e3o de alguns prestadores que manifestaram redu\u00e7\u00e3o do estoque.<\/p>\n<p>\u201cJ\u00e1 h\u00e1 algum tempo estamos controlando o estoque de medicamentos no estado e prestando muita aten\u00e7\u00e3o ao que cada prestador sinaliza. De forma geral, a primeira medida que tomamos, j\u00e1 em mar\u00e7o, foi sinalizar com muita clareza que os prestadores deveriam suspender as cirurgias eletivas para economizar n\u00e3o s\u00f3 medicamentos, mas tamb\u00e9m Equipamentos de Prote\u00e7\u00e3o Individual (EPI)\u201d, explica o secret\u00e1rio.<\/p>\n<p>Al\u00e9m do repasse de R$ 92 milh\u00f5es a prestadores, com o objetivo de aumentar os estoques de equipamentos, anest\u00e9sicos e outros insumos, a SES tamb\u00e9m participa, junto ao Conselho de Secret\u00e1rios Estaduais de Sa\u00fade, de um processo de compra que envolve o Minist\u00e9rio da Sa\u00fade. O objetivo \u00e9 importar medicamentos, por meio de uma compra maior e, assim, regular os estoques no pa\u00eds. \u201cEssa compra est\u00e1 num processo avan\u00e7ado e temos algumas sinaliza\u00e7\u00f5es de que no prazo de 15 dias j\u00e1 teremos, se n\u00e3o todos, algum volume de medicamentos chegando ao pa\u00eds e sendo distribu\u00eddos aos estados, afirma Amaral.<\/p>\n<p>Ainda de acordo com o secret\u00e1rio, atualmente ocorre um desabastecimento mundial e as ind\u00fastrias brasileiras encontram-se sobrecarregadas devido ao aumento no consumo de medicamentos no pa\u00eds. \u201cTodos os estados aumentaram consideravelmente o n\u00famero de leitos e isso traz uma dificuldade real da compra de grandes volumes de medicamentos\u201d, pontua.<\/p>\n<p><strong>Isolamento<\/strong><\/p>\n<p>Embora ainda n\u00e3o tenha havido a necessidade de implementar no estado medidas mais restritas de isolamento e distanciamento social, o chefe de Gabinete da SES-MG, Jo\u00e3o Pinho, afirmou que um regulamento com esses fins se encontra em elabora\u00e7\u00e3o.<\/p>\n<p>\u201cPor ser uma norma de exce\u00e7\u00e3o, h\u00e1 v\u00e1rias etapas t\u00e9cnicas, administrativas e jur\u00eddicas para que tenhamos essa ferramenta dispon\u00edvel. Entretanto, com base nos n\u00fameros atuais de leitos e tamb\u00e9m na incid\u00eancia da doen\u00e7a, n\u00e3o h\u00e1 a necessidade imediata de fazer o chamado lockdown\u201d, explica Jo\u00e3o Pinho.<\/p>\n<p><strong>Fonte:\u00a0<\/strong>Ag\u00eancia Minas<\/p>\n","protected":false},"excerpt":{"rendered":"<p>Em coletiva virtual realizada nesta sexta-feira (17\/7), o secret\u00e1rio de Estado de\u00a0Sa\u00fade\u00a0de Minas Gerais, Carlos Eduardo Amaral, falou sobre as a\u00e7\u00f5es desenvolvidas a fim de superar os desafios apresentados pela epidemia da covid-19 no estado. De acordo com Amaral, dificuldades na aquisi\u00e7\u00e3o de respiradores e de medicamentos s\u00e3o alguns dos gargalos identificados pela secretaria. Respiradores [&hellip;]<\/p>\n","protected":false},"author":96,"featured_media":164869,"comment_status":"closed","ping_status":"closed","sticky":false,"template":"","format":"standard","meta":{"footnotes":""},"categories":[436,440,252,439],"tags":[],"class_list":["post-164868","post","type-post","status-publish","format-standard","has-post-thumbnail","hentry","category-destaque-da-semana","category-destaques-do-dia","category-regiao","category-ultima-hora"],"_links":{"self":[{"href":"https:\/\/diarioregionaldigital.com.br\/index.php?rest_route=\/wp\/v2\/posts\/164868","targetHints":{"allow":["GET"]}}],"collection":[{"href":"https:\/\/diarioregionaldigital.com.br\/index.php?rest_route=\/wp\/v2\/posts"}],"about":[{"href":"https:\/\/diarioregionaldigital.com.br\/index.php?rest_route=\/wp\/v2\/types\/post"}],"author":[{"embeddable":true,"href":"https:\/\/diarioregionaldigital.com.br\/index.php?rest_route=\/wp\/v2\/users\/96"}],"replies":[{"embeddable":true,"href":"https:\/\/diarioregionaldigital.com.br\/index.php?rest_route=%2Fwp%2Fv2%2Fcomments&post=164868"}],"version-history":[{"count":0,"href":"https:\/\/diarioregionaldigital.com.br\/index.php?rest_route=\/wp\/v2\/posts\/164868\/revisions"}],"wp:featuredmedia":[{"embeddable":true,"href":"https:\/\/diarioregionaldigital.com.br\/index.php?rest_route=\/wp\/v2\/media\/164869"}],"wp:attachment":[{"href":"https:\/\/diarioregionaldigital.com.br\/index.php?rest_route=%2Fwp%2Fv2%2Fmedia&parent=164868"}],"wp:term":[{"taxonomy":"category","embeddable":true,"href":"https:\/\/diarioregionaldigital.com.br\/index.php?rest_route=%2Fwp%2Fv2%2Fcategories&post=164868"},{"taxonomy":"post_tag","embeddable":true,"href":"https:\/\/diarioregionaldigital.com.br\/index.php?rest_route=%2Fwp%2Fv2%2Ftags&post=164868"}],"curies":[{"name":"wp","href":"https:\/\/api.w.org\/{rel}","templated":true}]}}