{"id":164865,"date":"2020-07-17T17:45:40","date_gmt":"2020-07-17T20:45:40","guid":{"rendered":"https:\/\/diarioregionaldigital.com.br\/?p=164865"},"modified":"2020-07-17T17:45:40","modified_gmt":"2020-07-17T20:45:40","slug":"secretarios-explicam-sobre-situacao-de-ensino-nas-escolas-municipais-durante-a-pandemia","status":"publish","type":"post","link":"https:\/\/diarioregionaldigital.com.br\/?p=164865","title":{"rendered":"Secret\u00e1rios explicam sobre situa\u00e7\u00e3o de ensino nas escolas municipais durante a pandemia"},"content":{"rendered":"<p><span style=\"font-weight: 400;\">Os vereadores participaram de reuni\u00e3o remota com a secret\u00e1ria de Educa\u00e7\u00e3o, Denise Fraga; e com o secret\u00e1rio de Governo e Comunica\u00e7\u00e3o, Ricardo Miranda. O encontro, que aconteceu a pedido do vereador Sargento Mello Casal (PTB), teve como objetivo discutir as a\u00e7\u00f5es da Prefeitura para fornecer conte\u00fado para estudantes da rede municipal de ensino. Os secret\u00e1rios tamb\u00e9m foram questionados sobre o planejamento de retorno e de reposi\u00e7\u00e3o das aulas.\u00a0<\/span><\/p>\n<p><span style=\"font-weight: 400;\">Denise ressaltou que, sem aulas presenciais, \u00e9 preciso que o foco esteja em desenvolver habilidades e trabalhar com ciclos did\u00e1ticos. \u201cConte\u00fado repassado n\u00e3o \u00e9 sin\u00f4nimo de aprendizagem, porque a crian\u00e7a assiste a apresenta\u00e7\u00e3o do conte\u00fado, mas n\u00e3o tira d\u00favidas e n\u00e3o faz questionamentos\u201d, disse. Ela destacou que o caminho a ser seguido pelas escolas ser\u00e1 pensado por cada sistema e, portanto, ainda n\u00e3o \u00e9 poss\u00edvel apresentar respostas concretas.\u00a0<\/span><\/p>\n<p><span style=\"font-weight: 400;\">Al\u00e9m do uso da internet para aulas virtuais, algumas das possibilidades apontadas s\u00e3o a realiza\u00e7\u00e3o de podcasts educativos e a exibi\u00e7\u00e3o de conte\u00fados produzidos pelos professores na televis\u00e3o. Como lembrou o presidente da Casa, Luiz Ot\u00e1vio Fernandes Coelho &#8211; Pardal (PSL), a JFTV C\u00e2mara manifestou disponibilidade para receber conte\u00fados educativos desde o dia 28 de abril. Os secret\u00e1rios ressaltaram que n\u00e3o conseguiram produzir material para exibi\u00e7\u00e3o em canais digitais e que, agora, a UFJF est\u00e1 apoiando a Prefeitura na produ\u00e7\u00e3o e na edi\u00e7\u00e3o dos materiais. O secret\u00e1rio de Governo e Comunica\u00e7\u00e3o, Ricardo Miranda, afirmou que o Executivo tamb\u00e9m est\u00e1 em busca de parceria com outros canais para que o conte\u00fado possa ser exibido durante todo o dia.\u00a0<\/span><\/p>\n<p><span style=\"font-weight: 400;\">Em rela\u00e7\u00e3o ao retorno \u00e0s aulas, a secret\u00e1ria de educa\u00e7\u00e3o apontou que a tend\u00eancia \u00e9 realizar um ensino h\u00edbrido, no qual algumas atividades acontecem em casa e outras no ambiente escolar. Denise ressaltou que o projeto precisa ser articulado em parceria com diretores, coordenadores e professores. \u201c\u00c9 um novo calend\u00e1rio escolar. Temos que discutir os objetivos de aprendizagem essenciais e n\u00e3o h\u00e1 que se falar sobre reprova\u00e7\u00e3o, por isso o nosso projeto fala sobre desenvolvimento de habilidades e de conhecimento\u201d, enfatizou.\u00a0<\/span><\/p>\n<p><span style=\"font-weight: 400;\">Denise destacou que o parecer 11\/ 2020, aprovado pelo Conselho Nacional de Educa\u00e7\u00e3o (CNE) este m\u00eas, fornece orienta\u00e7\u00f5es para os munic\u00edpios, mas que \u00e9 preciso adaptar o projeto para cada situa\u00e7\u00e3o. \u201cCada escola vai ser uma realidade. Pensar a volta da educa\u00e7\u00e3o infantil n\u00e3o \u00e9 a mesma coisa que pensar a volta do ensino fundamental, por exemplo\u201d, pontuou. Entre as diretrizes do parecer 11 est\u00e3o o uso de m\u00e1scara e o distanciamento pessoal de, no m\u00ednimo, dois metros, sendo necess\u00e1rio reorganizar o espa\u00e7o escolar. A secret\u00e1ria afirmou, ainda, que ser\u00e3o pensadas estrat\u00e9gias para que os professores que integram o grupo de risco n\u00e3o tenham que dar aula presencialmente.\u00a0\u00a0<\/span><\/p>\n<p><span style=\"font-weight: 400;\">O proponente da reuni\u00e3o, Mello Casal &#8211; que havia elaborado uma s\u00e9rie de perguntas \u00e0 secret\u00e1ria de educa\u00e7\u00e3o &#8211; demonstrou insatisfa\u00e7\u00e3o com o resultado do encontro. \u201cEu sinceramente n\u00e3o me senti atendido. N\u00e3o por falta de disponibilidade da secret\u00e1ria, mas senti que estamos ainda muito pouco adiantados nessa quest\u00e3o de como fazer uma mudan\u00e7a e de como dar continuidade ao ensino de uma maneira diferente\u201d, afirmou. O vereador ir\u00e1 encaminhar um pedido de informa\u00e7\u00e3o \u00e0 Secretaria de Educa\u00e7\u00e3o, no qual constar\u00e1 tamb\u00e9m questionamentos dos demais parlamentares.\u00a0<\/span><\/p>\n<p><strong>Fonte:<\/strong> Assessoria<\/p>\n","protected":false},"excerpt":{"rendered":"<p>Os vereadores participaram de reuni\u00e3o remota com a secret\u00e1ria de Educa\u00e7\u00e3o, Denise Fraga; e com o secret\u00e1rio de Governo e Comunica\u00e7\u00e3o, Ricardo Miranda. O encontro, que aconteceu a pedido do vereador Sargento Mello Casal (PTB), teve como objetivo discutir as a\u00e7\u00f5es da Prefeitura para fornecer conte\u00fado para estudantes da rede municipal de ensino. Os secret\u00e1rios [&hellip;]<\/p>\n","protected":false},"author":96,"featured_media":164866,"comment_status":"closed","ping_status":"closed","sticky":false,"template":"","format":"standard","meta":{"footnotes":""},"categories":[253,436,439],"tags":[],"class_list":["post-164865","post","type-post","status-publish","format-standard","has-post-thumbnail","hentry","category-cidade","category-destaque-da-semana","category-ultima-hora"],"_links":{"self":[{"href":"https:\/\/diarioregionaldigital.com.br\/index.php?rest_route=\/wp\/v2\/posts\/164865","targetHints":{"allow":["GET"]}}],"collection":[{"href":"https:\/\/diarioregionaldigital.com.br\/index.php?rest_route=\/wp\/v2\/posts"}],"about":[{"href":"https:\/\/diarioregionaldigital.com.br\/index.php?rest_route=\/wp\/v2\/types\/post"}],"author":[{"embeddable":true,"href":"https:\/\/diarioregionaldigital.com.br\/index.php?rest_route=\/wp\/v2\/users\/96"}],"replies":[{"embeddable":true,"href":"https:\/\/diarioregionaldigital.com.br\/index.php?rest_route=%2Fwp%2Fv2%2Fcomments&post=164865"}],"version-history":[{"count":0,"href":"https:\/\/diarioregionaldigital.com.br\/index.php?rest_route=\/wp\/v2\/posts\/164865\/revisions"}],"wp:featuredmedia":[{"embeddable":true,"href":"https:\/\/diarioregionaldigital.com.br\/index.php?rest_route=\/wp\/v2\/media\/164866"}],"wp:attachment":[{"href":"https:\/\/diarioregionaldigital.com.br\/index.php?rest_route=%2Fwp%2Fv2%2Fmedia&parent=164865"}],"wp:term":[{"taxonomy":"category","embeddable":true,"href":"https:\/\/diarioregionaldigital.com.br\/index.php?rest_route=%2Fwp%2Fv2%2Fcategories&post=164865"},{"taxonomy":"post_tag","embeddable":true,"href":"https:\/\/diarioregionaldigital.com.br\/index.php?rest_route=%2Fwp%2Fv2%2Ftags&post=164865"}],"curies":[{"name":"wp","href":"https:\/\/api.w.org\/{rel}","templated":true}]}}