{"id":164862,"date":"2020-07-17T17:34:10","date_gmt":"2020-07-17T20:34:10","guid":{"rendered":"https:\/\/diarioregionaldigital.com.br\/?p=164862"},"modified":"2020-07-17T17:34:10","modified_gmt":"2020-07-17T20:34:10","slug":"felizes-pela-volta-dos-treinos-76-atletas-embarcam-para-portugal-e-inauguram-a-missao-europa","status":"publish","type":"post","link":"https:\/\/diarioregionaldigital.com.br\/?p=164862","title":{"rendered":"Felizes pela volta dos treinos, 76 atletas embarcam para Portugal e inauguram a Miss\u00e3o Europa"},"content":{"rendered":"<p><span style=\"font-weight: 400;\">Passados quatro meses do fechamento tempor\u00e1rio do Centro de Treinamento Time Brasil, devido ao avan\u00e7o da pandemia do novo coronav\u00edrus, o Comit\u00ea Ol\u00edmpico do Brasil (COB) d\u00e1 passos importantes em dire\u00e7\u00e3o \u00e0 retomada dos treinamentos dos principais atletas ol\u00edmpicos do pa\u00eds. Uma delega\u00e7\u00e3o de 112 pessoas, sendo 76 atletas, do COB e de seis modalidades (boxe, gin\u00e1stica art\u00edstica, gin\u00e1stica r\u00edtmica, jud\u00f4, nado art\u00edstico e nata\u00e7\u00e3o), embarcou rumo a Portugal para o in\u00edcio da primeira fase da Miss\u00e3o Europa.<\/span><\/p>\n<p><span style=\"font-weight: 400;\">\u201cA Miss\u00e3o Europa e a reabertura do Centro de Treinamento Time Brasil s\u00e3o fundamentais porque possibilitam ao atleta retomar o treinamento dele em ambiente controlado. T\u00ednhamos essa preocupa\u00e7\u00e3o por entender que os atletas viviam essa ansiedade de retomar o seu trabalho. N\u00f3s n\u00e3o pod\u00edamos ficar para tr\u00e1s. Ver essa Miss\u00e3o acontecer \u00e9 muito importante pela tranquilidade que estamos dando aos atletas\u201d, disse Marco La Porta, vice-presidente do COB e chefe da Miss\u00e3o Europa.<\/span><\/p>\n<p><span style=\"font-weight: 400;\">Para terem a viagem ao exterior autorizada, os membros do Time Brasil precisaram realizar um exame PCR a tr\u00eas dias do voo e apresentar resultado negativo para a Covid-19. Al\u00e9m de cumprirem uma s\u00e9rie de protocolos sanit\u00e1rios, que previnem a contamina\u00e7\u00e3o do v\u00edrus, os integrantes tiveram que assinar um Termo de Ci\u00eancia da Pol\u00edtica de Preven\u00e7\u00e3o e Enfrentamento ao Ass\u00e9dio Moral e Sexual e ao Abuso Sexual, lan\u00e7ada em 2018 pelo COB, que refor\u00e7a o compromisso da entidade em garantir um ambiente saud\u00e1vel, de acolhimento, orienta\u00e7\u00e3o, prote\u00e7\u00e3o e preven\u00e7\u00e3o aos atletas e todos os agentes envolvidos no esporte ol\u00edmpico.<\/span><\/p>\n<p><span style=\"font-weight: 400;\">\u201c\u00c9 um sentimento de muita felicidade e de al\u00edvio em poder voltar para o gin\u00e1sio. Ficar tr\u00eas meses treinando s\u00f3 em casa \u00e9 complicado. Aqui estou me sentindo indo para as Olimp\u00edadas. Muita gente, toda a delega\u00e7\u00e3o, outros esportes, tudo bem organizado. \u00c9 uma motiva\u00e7\u00e3o para todo mundo\u201d, disse o ginasta Arthur Zanetti. \u201cEstou bem tranquilo de viajar porque todos que embarcaram no avi\u00e3o fizeram os exames e deram negativo. Chegando l\u00e1, vamos testar de novo, e s\u00f3 quem tiver negativo vai pro gin\u00e1sio. Isso nos deixa bem aliviados e focados apenas no treinamento\u201d, completou o campe\u00e3o ol\u00edmpico e mundial nas argolas.<\/span><\/p>\n<h3><b>Embaixadoras do Time Brasil<\/b><\/h3>\n<p><span style=\"font-weight: 400;\">Duas novidades no embarque para Lisboa foram as medalhistas ol\u00edmpicas Jackie Silva, ouro no v\u00f4lei de praia em Atlanta 1996, e Isabel Swan, bronze na vela (classe 470) em Pequim 2008, que exercer\u00e3o o papel de embaixadoras do Time Brasil na Europa, dando palestras, transmitindo suas experi\u00eancias aos atletas e interagindo com os torcedores brasileiros nas redes sociais do COB. Movimento semelhante foi realizado nos Jogos Pan-americanos Lima 2019, com a presen\u00e7a da pentatleta Yane Marques, sem falar na participa\u00e7\u00e3o de dezenas de \u00eddolos do esporte nacional nos Jogos Escolares da Juventude.<\/span><\/p>\n<p><span style=\"font-weight: 400;\">\u201cEu acredito que hoje \u00e9 um momento diferente. Importante estar reunindo a equipe num centro de treinamento para esse resgaste j\u00e1 que falta apenas um ano para os Jogos Ol\u00edmpicos. Minha experi\u00eancia de quatro ciclos ol\u00edmpicos e de estar na Comiss\u00e3o Atletas \u00e9 justamente mostrar a import\u00e2ncia do atleta ter sua representatividade, que existe esse caminho, e tamb\u00e9m para entender como acontece essa governan\u00e7a do esporte. Isso, no futuro, vai gerar uma voz mais estruturada para os atletas\u201d, disse Isabel.<\/span><\/p>\n<p><span style=\"font-weight: 400;\">\u201cEstou muito entusiasmada com essa Miss\u00e3o, que vem numa hora muito importante. Minha fun\u00e7\u00e3o vai ser passar essa experi\u00eancia, de participar de tr\u00eas Jogos Ol\u00edmpicos. Fico feliz de poder compartilhar minha hist\u00f3ria porque essa troca, um bate-papo \u00e9 muito v\u00e1lido para esses atletas\u201d, afirmou Jackie.<\/span><\/p>\n<p><span style=\"font-weight: 400;\">O COB tamb\u00e9m criou um canal de ouvidoria espec\u00edfico para a Miss\u00e3o Europa com liga\u00e7\u00f5es gratuitas: o 800 181 717. O canal de den\u00fancia vai funcionar de julho a dezembro, mesmo per\u00edodo em que o Time Brasil estar\u00e1 em treinamento. O canal de den\u00fancias garante total anonimato e sigilo.<\/span><\/p>\n<p><span style=\"font-weight: 400;\">\u201cO COB se preocupa com a seguran\u00e7a dos atletas em todos os n\u00edveis. Na Miss\u00e3o Europa, n\u00e3o seria diferente. Al\u00e9m de todos os protocolos pensando na prote\u00e7\u00e3o ao coronav\u00edrus, estamos tamb\u00e9m olhando com carinho para as quest\u00f5es \u00e9ticas, dando seguimento \u00e0s melhores pr\u00e1ticas de Governan\u00e7a que o COB j\u00e1 adota\u201d, diz o vice-presidente do COB, Marco La Porta.<\/span><\/p>\n<p><strong>Fonte:<\/strong> COB<\/p>\n","protected":false},"excerpt":{"rendered":"<p>Passados quatro meses do fechamento tempor\u00e1rio do Centro de Treinamento Time Brasil, devido ao avan\u00e7o da pandemia do novo coronav\u00edrus, o Comit\u00ea Ol\u00edmpico do Brasil (COB) d\u00e1 passos importantes em dire\u00e7\u00e3o \u00e0 retomada dos treinamentos dos principais atletas ol\u00edmpicos do pa\u00eds. Uma delega\u00e7\u00e3o de 112 pessoas, sendo 76 atletas, do COB e de seis modalidades [&hellip;]<\/p>\n","protected":false},"author":96,"featured_media":164863,"comment_status":"closed","ping_status":"closed","sticky":false,"template":"","format":"standard","meta":{"footnotes":""},"categories":[436,257,439],"tags":[],"class_list":["post-164862","post","type-post","status-publish","format-standard","has-post-thumbnail","hentry","category-destaque-da-semana","category-esporte","category-ultima-hora"],"_links":{"self":[{"href":"https:\/\/diarioregionaldigital.com.br\/index.php?rest_route=\/wp\/v2\/posts\/164862","targetHints":{"allow":["GET"]}}],"collection":[{"href":"https:\/\/diarioregionaldigital.com.br\/index.php?rest_route=\/wp\/v2\/posts"}],"about":[{"href":"https:\/\/diarioregionaldigital.com.br\/index.php?rest_route=\/wp\/v2\/types\/post"}],"author":[{"embeddable":true,"href":"https:\/\/diarioregionaldigital.com.br\/index.php?rest_route=\/wp\/v2\/users\/96"}],"replies":[{"embeddable":true,"href":"https:\/\/diarioregionaldigital.com.br\/index.php?rest_route=%2Fwp%2Fv2%2Fcomments&post=164862"}],"version-history":[{"count":0,"href":"https:\/\/diarioregionaldigital.com.br\/index.php?rest_route=\/wp\/v2\/posts\/164862\/revisions"}],"wp:featuredmedia":[{"embeddable":true,"href":"https:\/\/diarioregionaldigital.com.br\/index.php?rest_route=\/wp\/v2\/media\/164863"}],"wp:attachment":[{"href":"https:\/\/diarioregionaldigital.com.br\/index.php?rest_route=%2Fwp%2Fv2%2Fmedia&parent=164862"}],"wp:term":[{"taxonomy":"category","embeddable":true,"href":"https:\/\/diarioregionaldigital.com.br\/index.php?rest_route=%2Fwp%2Fv2%2Fcategories&post=164862"},{"taxonomy":"post_tag","embeddable":true,"href":"https:\/\/diarioregionaldigital.com.br\/index.php?rest_route=%2Fwp%2Fv2%2Ftags&post=164862"}],"curies":[{"name":"wp","href":"https:\/\/api.w.org\/{rel}","templated":true}]}}