{"id":164859,"date":"2020-07-17T17:14:36","date_gmt":"2020-07-17T20:14:36","guid":{"rendered":"https:\/\/diarioregionaldigital.com.br\/?p=164859"},"modified":"2020-07-17T17:14:36","modified_gmt":"2020-07-17T20:14:36","slug":"cob-e-o-primeiro-comite-olimpico-das-americas-signatario-do-programa-esporte-pela-acao-climatica-da-onu","status":"publish","type":"post","link":"https:\/\/diarioregionaldigital.com.br\/?p=164859","title":{"rendered":"COB \u00e9 o primeiro Comit\u00ea Ol\u00edmpico das Am\u00e9ricas signat\u00e1rio do programa \u201cEsporte pela A\u00e7\u00e3o Clim\u00e1tica\u201d da ONU"},"content":{"rendered":"<p><span style=\"font-weight: 400;\">O Comit\u00ea Ol\u00edmpico do Brasil \u00e9 o primeiro Comit\u00ea Ol\u00edmpico das Am\u00e9ricas (e segundo do mundo, ao lado da Espanha) a assinar o termo de compromisso \u201cEsporte pela A\u00e7\u00e3o Clim\u00e1tica\u201d da Organiza\u00e7\u00e3o das Na\u00e7\u00f5es Unidas (ONU) em parceria com o Comit\u00ea Ol\u00edmpico Internacional (COI). Com a ades\u00e3o, o COB se compromete a atentar pelas melhores pr\u00e1ticas em prol do meio ambiente, engajando e inspirando a sociedade. O tema sustentabilidade \u00e9 um dos pilares da Agenda 2020 do COI, que norteia as a\u00e7\u00f5es do movimento ol\u00edmpico internacional.<\/span><\/p>\n<p>&nbsp;<\/p>\n<p><span style=\"font-weight: 400;\">\u201cEstamos orgulhosos em anunciar a participa\u00e7\u00e3o do COB no programa \u201cEsporte pela A\u00e7\u00e3o Clim\u00e1tica\u201d da ONU. O esporte, mais do que nunca, est\u00e1 alinhado com as quest\u00f5es da sociedade. Sabemos da nossa capacidade de mobilizar as pessoas em torno de temas sens\u00edveis e queremos usar do nosso potencial a favor do meio ambiente e do planeta\u201d, afirma o presidente do COB, Paulo Wanderley Teixeira, lembrando das recentes a\u00e7\u00f5es de combate \u00e0 pandemia e doa\u00e7\u00f5es de cestas b\u00e1sicas a fam\u00edlias em vulnerabilidade atrav\u00e9s de campanhas do movimento esportivo.<\/span><\/p>\n<p><span style=\"font-weight: 400;\">A iniciativa \u201cEsporte pela A\u00e7\u00e3o Clim\u00e1tica\u201d pede \u00e0s organiza\u00e7\u00f5es esportivas que contribuam para a diminui\u00e7\u00e3o das mudan\u00e7as clim\u00e1ticas atrav\u00e9s de a\u00e7\u00f5es coletivas e lideran\u00e7a ousada.<\/span><\/p>\n<p><span style=\"font-weight: 400;\">\u201cOrganiza\u00e7\u00f5es esportivas e atletas est\u00e3o em uma posi\u00e7\u00e3o privilegiada na corrida contra as mudan\u00e7as clim\u00e1ticas, pois o esporte \u00e9 capaz de tocar todos os segmentos da sociedade\u201d, disse a Secret\u00e1ria Executiva da ONU para Mudan\u00e7as Clim\u00e1ticas, Patr\u00edcia Espinoza, no lan\u00e7amento do projeto.<\/span><\/p>\n<p><span style=\"font-weight: 400;\">\u201cA assinatura do programa Esporte pela A\u00e7\u00e3o Clim\u00e1tica da ONU pelo Comit\u00ea Ol\u00edmpico Brasileiro representa outro marco hist\u00f3rico nos esfor\u00e7os da comunidade esportiva para ajudar a enfrentar a crise clim\u00e1tica\u201d, disse Marie Sallois, diretora de Sustentabilidade do COI. \u201cEstamos muito satisfeitos em receb\u00ea-los e esperamos que sua lideran\u00e7a e ambi\u00e7\u00e3o inspirem outras organiza\u00e7\u00f5es esportivas na regi\u00e3o. Estamos presenciando um momento crescente em todo o mundo do esporte para abordar ativamente as mudan\u00e7as clim\u00e1ticas e, juntos, ajudar a construir um mundo melhor e mais sustent\u00e1vel atrav\u00e9s do esporte.\u201d<\/span><\/p>\n<p><span style=\"font-weight: 400;\">O COB j\u00e1 tem na sustentabilidade um pilar importante de sua agenda, tendo sido reconhecido pelo COI com o Trof\u00e9u Olimpismo em A\u00e7\u00e3o 2019 pelo seu trabalho nos Jogos Escolares da Juventude. Realizados desde 2005, os Jogos Escolares da Juventude (JEJ) s\u00e3o a maior competi\u00e7\u00e3o estudantil do pa\u00eds e t\u00eam inovado no que diz respeito \u00e0 sustentabilidade e \u00e0 cidadania, conciliando a forma\u00e7\u00e3o esportiva, individual e cidad\u00e3 dos jovens atletas com o incentivo \u00e0s pr\u00e1ticas sustent\u00e1veis. Desde 2018, a organiza\u00e7\u00e3o dos JEJ dispensa todo tipo de materiais descart\u00e1veis agressivos ao meio ambiente, promove a coleta seletiva de lixo e distribui squeezes aos participantes. Naquele ano, o evento tamb\u00e9m contou com material de reuso e reciclado na \u00e1rea de conviv\u00eancia e promoveu a\u00e7\u00e3o de limpeza da Praia de Ponta Negra em parceria com as Na\u00e7\u00f5es Unidas para o Meio Ambiente, buscando a consci\u00eancia dos jovens, tanto do ponto de vista ambiental quanto social.<\/span><\/p>\n<p><span style=\"font-weight: 400;\">\u201cA sustentabilidade tornou-se imprescind\u00edvel no movimento esportivo. Por isso temos desenvolvido estrat\u00e9gias de sustentabilidade n\u00e3o s\u00f3 em nossos eventos, mas tamb\u00e9m levaremos o tema para perto da sociedade usando para isso a for\u00e7a inspiradora de nossos atletas\u201d, diz a diretora de Comunica\u00e7\u00e3o e Marketing, Manoela Penna, frisando que algumas medidas ser\u00e3o adotadas de imediato e, outras, ser\u00e3o implementadas pouco a pouco.<\/span><\/p>\n<p><span style=\"font-weight: 400;\">Ao assinar o \u201cEsporte pela A\u00e7\u00e3o Clim\u00e1tica\u201d, o COB se compromete a zelar pelos cinco pilares:<\/span><\/p>\n<ul>\n<li><span style=\"font-weight: 400;\">Promover maior responsabilidade ambiental;<\/span><\/li>\n<li><span style=\"font-weight: 400;\">Reduzir o impacto clim\u00e1tico geral dos esportes;<\/span><\/li>\n<li><span style=\"font-weight: 400;\">Usar sua plataforma para educar sobre a\u00e7\u00e3o clim\u00e1tica;<\/span><\/li>\n<li><span style=\"font-weight: 400;\">Promover consumo sustent\u00e1vel e respons\u00e1vel;<\/span><\/li>\n<li><span style=\"font-weight: 400;\">Advogar pela a\u00e7\u00e3o clim\u00e1tica por meio se suas plataformas de comunica\u00e7\u00e3o.<\/span><\/li>\n<\/ul>\n<p><strong>Fonte:\u00a0<\/strong>COB<\/p>\n","protected":false},"excerpt":{"rendered":"<p>O Comit\u00ea Ol\u00edmpico do Brasil \u00e9 o primeiro Comit\u00ea Ol\u00edmpico das Am\u00e9ricas (e segundo do mundo, ao lado da Espanha) a assinar o termo de compromisso \u201cEsporte pela A\u00e7\u00e3o Clim\u00e1tica\u201d da Organiza\u00e7\u00e3o das Na\u00e7\u00f5es Unidas (ONU) em parceria com o Comit\u00ea Ol\u00edmpico Internacional (COI). Com a ades\u00e3o, o COB se compromete a atentar pelas melhores [&hellip;]<\/p>\n","protected":false},"author":96,"featured_media":164860,"comment_status":"closed","ping_status":"closed","sticky":false,"template":"","format":"standard","meta":{"footnotes":""},"categories":[436,257,439],"tags":[],"class_list":["post-164859","post","type-post","status-publish","format-standard","has-post-thumbnail","hentry","category-destaque-da-semana","category-esporte","category-ultima-hora"],"_links":{"self":[{"href":"https:\/\/diarioregionaldigital.com.br\/index.php?rest_route=\/wp\/v2\/posts\/164859","targetHints":{"allow":["GET"]}}],"collection":[{"href":"https:\/\/diarioregionaldigital.com.br\/index.php?rest_route=\/wp\/v2\/posts"}],"about":[{"href":"https:\/\/diarioregionaldigital.com.br\/index.php?rest_route=\/wp\/v2\/types\/post"}],"author":[{"embeddable":true,"href":"https:\/\/diarioregionaldigital.com.br\/index.php?rest_route=\/wp\/v2\/users\/96"}],"replies":[{"embeddable":true,"href":"https:\/\/diarioregionaldigital.com.br\/index.php?rest_route=%2Fwp%2Fv2%2Fcomments&post=164859"}],"version-history":[{"count":0,"href":"https:\/\/diarioregionaldigital.com.br\/index.php?rest_route=\/wp\/v2\/posts\/164859\/revisions"}],"wp:featuredmedia":[{"embeddable":true,"href":"https:\/\/diarioregionaldigital.com.br\/index.php?rest_route=\/wp\/v2\/media\/164860"}],"wp:attachment":[{"href":"https:\/\/diarioregionaldigital.com.br\/index.php?rest_route=%2Fwp%2Fv2%2Fmedia&parent=164859"}],"wp:term":[{"taxonomy":"category","embeddable":true,"href":"https:\/\/diarioregionaldigital.com.br\/index.php?rest_route=%2Fwp%2Fv2%2Fcategories&post=164859"},{"taxonomy":"post_tag","embeddable":true,"href":"https:\/\/diarioregionaldigital.com.br\/index.php?rest_route=%2Fwp%2Fv2%2Ftags&post=164859"}],"curies":[{"name":"wp","href":"https:\/\/api.w.org\/{rel}","templated":true}]}}