{"id":164856,"date":"2020-07-17T13:13:23","date_gmt":"2020-07-17T16:13:23","guid":{"rendered":"https:\/\/diarioregionaldigital.com.br\/?p=164856"},"modified":"2020-07-17T13:13:23","modified_gmt":"2020-07-17T16:13:23","slug":"wsl-anuncia-cancelamento-do-circuito-mundial-de-surfe-de-2020","status":"publish","type":"post","link":"https:\/\/diarioregionaldigital.com.br\/?p=164856","title":{"rendered":"WSL anuncia cancelamento do Circuito Mundial de Surfe de 2020"},"content":{"rendered":"<p><span style=\"font-weight: 400;\">A Liga Mundial de Surfe (WSL em ingl\u00eas), anunciou o cancelamento do Circuito Mundial de 2020, em decorr\u00eancia da pandemia do Coronav\u00edrus. O an\u00fancio foi feito atrav\u00e9s de v\u00eddeo, pelo CEO da entidade, Erik Logan, o qual diz que foi feita uma avalia\u00e7\u00e3o com todos os envolvidos e que todos chegaram a conclus\u00e3o de cancelar a temporada 2020:<\/span><\/p>\n<p><span style=\"font-weight: 400;\">&#8220;Ap\u00f3s uma an\u00e1lise cuidadosa e extensas discuss\u00f5es com as principais partes interessadas, tomamos a decis\u00e3o de cancelar as temporadas da Championship Championship Tour e Qualifying Series devido \u00e0 pandemia do COVID-19. Embora acreditemos firmemente que o surf \u00e9 um dos esportes mais adequados para competi\u00e7\u00f5es seguras durante a era do COVID n\u00e3o resolvido, temos um enorme respeito pelas preocupa\u00e7\u00f5es cont\u00ednuas de muitos em nossa comunidade, \u00e0 medida que o mundo trabalha para resolver isso&#8221;.<\/span><\/p>\n<p><span style=\"font-weight: 400;\">Logan relata tamb\u00e9m que a turn\u00ea de 2021 come\u00e7ar\u00e1 em novembro de 2020 em Maui no Hava\u00ed para as mulheres e em dezembro de 2020 em Oahu, para os homens, sujeita \u00e0 aprova\u00e7\u00e3o do Estado do Hava\u00ed e das ag\u00eancias governamentais locais, al\u00e9m de protocolos eficazes que permitam seguran\u00e7a. viagem internacional. A temporada de CT de 2021 terminar\u00e1 com &#8216;As finais da WSL&#8217;, um novo evento de t\u00edtulo mundial de um dia em setembro de 2021.<\/span><\/p>\n<p><b>Novo formato de disputa<\/b><\/p>\n<p><span style=\"font-weight: 400;\">Erik Logan anunciou tamb\u00e9m que a nova turn\u00ea contar\u00e1 com um novo formato nas competi\u00e7\u00f5es:<\/span><\/p>\n<ul>\n<li style=\"font-weight: 400;\"><b>&#8216;As finais da WSL&#8217;:<\/b><span style=\"font-weight: 400;\"> Os t\u00edtulos mundiais masculinos e femininos ser\u00e3o decididos em um evento de um dia, &#8216;As finais da WSL&#8217;. As cinco mulheres e os cinco homens seguintes \u00e0 temporada de 10 eventos de CT lutar\u00e3o por seus respectivos t\u00edtulos em um novo formato de surf-off em uma das melhores ondas do mundo<\/span><\/li>\n<li style=\"font-weight: 400;\"><b>N\u00famero igual de eventos de CT para mulheres e homens:<\/b><span style=\"font-weight: 400;\"> O CT de 2021 incluir\u00e1 10 eventos para mulheres e homens, um n\u00famero igual de eventos pela primeira vez na hist\u00f3ria, com as mulheres se juntando aos homens para surfar em Teahupo&#8217;o, Tahiti , uma das ondas mais ic\u00f4nicas e exigentes do mundo, pela primeira vez desde 2006.<\/span><\/li>\n<li style=\"font-weight: 400;\"><b>Sazonalidade do passeio:<\/b><span style=\"font-weight: 400;\"> Al\u00e9m da reformula\u00e7\u00e3o do CT, o cronograma ser\u00e1 atualizado para criar temporadas distintas entre o CT e a Challenger Series (CS). A partir de 2021, o CS ser\u00e1 executado de agosto a dezembro. O QS vai at\u00e9 o final de junho de 2021 e determina quem se qualificou para a Challenger Series. Os pontos dos eventos de QS que foram conclu\u00eddos em 2020 ser\u00e3o transferidos para 2021.<\/span><\/li>\n<\/ul>\n<p><span style=\"font-weight: 400;\">O novo formato apresentado pela WSL, \u00e9 visto com bons olhos pelos principais competidores e colaboradores. Para o bicampe\u00e3o Tyler Wright, a nova programa\u00e7\u00e3o beneficiar\u00e1 os atletas que ficarem lesionados e fala dos futuros desafios:\u00a0<\/span><\/p>\n<p><span style=\"font-weight: 400;\">\u201cEstou realmente empolgada com essas novas mudan\u00e7as de formato. Como algu\u00e9m que passou muito tempo com les\u00f5es e no sof\u00e1 nos \u00faltimos anos como espectadora profissional, sinto que a mudan\u00e7a \u00e9 boa e necess\u00e1ria. O retorno do Taiti ao cronograma ser\u00e1 interessante e desafiador. Levaremos alguns anos para nos colocar e nos posicionar. No entanto, com a pr\u00f3xima gera\u00e7\u00e3o de mulheres fortes e talentosas chegando, acho que em breve teremos especialistas do Taiti \u201c<\/span><\/p>\n<p><b>Calend\u00e1rio 2021<\/b><\/p>\n<ul>\n<li style=\"font-weight: 400;\"><span style=\"font-weight: 400;\">Maui Pro &#8211; Maui, Hava\u00ed &#8211; de 25 de novembro a 6 de dezembro de 2020<\/span><\/li>\n<li style=\"font-weight: 400;\"><span style=\"font-weight: 400;\">Pipe Masters &#8211; Oahu, Hava\u00ed &#8211; de 8 a 20 de dezembro de 2020<\/span><\/li>\n<li style=\"font-weight: 400;\"><span style=\"font-weight: 400;\">Pro Portugal &#8211; Peniche, Portugal &#8211; de 18 a 28 de fevereiro de 2021<\/span><\/li>\n<li style=\"font-weight: 400;\"><span style=\"font-weight: 400;\">Gold Coast &#8211; Queensland, Austr\u00e1lia &#8211; de 18 a 28 de mar\u00e7o de 2021<\/span><\/li>\n<li style=\"font-weight: 400;\"><span style=\"font-weight: 400;\">Bells Beach &#8211; Victoria, Austr\u00e1lia &#8211; de 1\u00ba a 11 de abril de 2021<\/span><\/li>\n<li style=\"font-weight: 400;\"><span style=\"font-weight: 400;\">Margaret River &#8211; Austr\u00e1lia Ocidental &#8211; de 16 a 26 de abril de 2021<\/span><\/li>\n<li style=\"font-weight: 400;\"><span style=\"font-weight: 400;\">Rio Pro &#8211; Saquarema, Brasil &#8211; de 20 a 29 de maio de 2021<\/span><\/li>\n<li style=\"font-weight: 400;\"><span style=\"font-weight: 400;\">Surf Ranch Pro &#8211; Calif\u00f3rnia, Estados Unidos &#8211; de 10 a 13 de junho de 2021<\/span><\/li>\n<li style=\"font-weight: 400;\"><span style=\"font-weight: 400;\">Pro G-Land &#8211; Indon\u00e9sia &#8211; de 20 a 29 de junho<\/span><\/li>\n<li style=\"font-weight: 400;\"><span style=\"font-weight: 400;\">J-Bay &#8211; \u00c1frica do Sul &#8211; de 7 a 19 de julho<\/span><\/li>\n<li style=\"font-weight: 400;\"><span style=\"font-weight: 400;\">Taiti Pro &#8211; Teahupo\u2019o, Taiti &#8211; de 26 de agosto a 6 de setembro de 2021<\/span><\/li>\n<li style=\"font-weight: 400;\"><span style=\"font-weight: 400;\">The WSL Finals -Local a definir &#8211; de 8 a 16 de setembro de 2021<\/span><\/li>\n<\/ul>\n","protected":false},"excerpt":{"rendered":"<p>A Liga Mundial de Surfe (WSL em ingl\u00eas), anunciou o cancelamento do Circuito Mundial de 2020, em decorr\u00eancia da pandemia do Coronav\u00edrus. O an\u00fancio foi feito atrav\u00e9s de v\u00eddeo, pelo CEO da entidade, Erik Logan, o qual diz que foi feita uma avalia\u00e7\u00e3o com todos os envolvidos e que todos chegaram a conclus\u00e3o de cancelar [&hellip;]<\/p>\n","protected":false},"author":96,"featured_media":164857,"comment_status":"closed","ping_status":"closed","sticky":false,"template":"","format":"standard","meta":{"footnotes":""},"categories":[436,257,439],"tags":[],"class_list":["post-164856","post","type-post","status-publish","format-standard","has-post-thumbnail","hentry","category-destaque-da-semana","category-esporte","category-ultima-hora"],"_links":{"self":[{"href":"https:\/\/diarioregionaldigital.com.br\/index.php?rest_route=\/wp\/v2\/posts\/164856","targetHints":{"allow":["GET"]}}],"collection":[{"href":"https:\/\/diarioregionaldigital.com.br\/index.php?rest_route=\/wp\/v2\/posts"}],"about":[{"href":"https:\/\/diarioregionaldigital.com.br\/index.php?rest_route=\/wp\/v2\/types\/post"}],"author":[{"embeddable":true,"href":"https:\/\/diarioregionaldigital.com.br\/index.php?rest_route=\/wp\/v2\/users\/96"}],"replies":[{"embeddable":true,"href":"https:\/\/diarioregionaldigital.com.br\/index.php?rest_route=%2Fwp%2Fv2%2Fcomments&post=164856"}],"version-history":[{"count":0,"href":"https:\/\/diarioregionaldigital.com.br\/index.php?rest_route=\/wp\/v2\/posts\/164856\/revisions"}],"wp:featuredmedia":[{"embeddable":true,"href":"https:\/\/diarioregionaldigital.com.br\/index.php?rest_route=\/wp\/v2\/media\/164857"}],"wp:attachment":[{"href":"https:\/\/diarioregionaldigital.com.br\/index.php?rest_route=%2Fwp%2Fv2%2Fmedia&parent=164856"}],"wp:term":[{"taxonomy":"category","embeddable":true,"href":"https:\/\/diarioregionaldigital.com.br\/index.php?rest_route=%2Fwp%2Fv2%2Fcategories&post=164856"},{"taxonomy":"post_tag","embeddable":true,"href":"https:\/\/diarioregionaldigital.com.br\/index.php?rest_route=%2Fwp%2Fv2%2Ftags&post=164856"}],"curies":[{"name":"wp","href":"https:\/\/api.w.org\/{rel}","templated":true}]}}