{"id":164853,"date":"2020-07-17T12:47:15","date_gmt":"2020-07-17T15:47:15","guid":{"rendered":"https:\/\/diarioregionaldigital.com.br\/?p=164853"},"modified":"2020-07-17T12:47:15","modified_gmt":"2020-07-17T15:47:15","slug":"protege-minas-inicia-nova-etapa-e-prefeituras-poderao-adquirir-epis-ainda-mais-baratos","status":"publish","type":"post","link":"https:\/\/diarioregionaldigital.com.br\/?p=164853","title":{"rendered":"Protege Minas inicia nova etapa e prefeituras poder\u00e3o adquirir EPIs ainda mais baratos"},"content":{"rendered":"<p><span style=\"font-weight: 400;\">O Protege Minas, programa do Estado que j\u00e1 garantiu Equipamentos de Prote\u00e7\u00e3o Individual (EPIs) a mais de cem munic\u00edpios mineiros, deu in\u00edcio \u00e0 sua segunda fase. Agora, as prefeituras que necessitam dos itens &#8211; como luvas, aventais e m\u00e1scaras -, para profissionais que atuam na linha de frente no combate \u00e0 covid-19 podem compr\u00e1-los por meio de ades\u00e3o em regime de \u201ccarona\u201d. Isso significa que os munic\u00edpios podem adotar a ata de registro de pre\u00e7o feita em um processo de licita\u00e7\u00e3o executado pelo Governo de Minas.<\/span><\/p>\n<p><span style=\"font-weight: 400;\">Desta forma, a prefeitura que quiser comprar os EPIs deve encaminhar ao Estado um termo de ades\u00e3o, constando o quantitativo de profissionais atendidos e uma m\u00e9dia de equipamentos para os pr\u00f3ximos tr\u00eas meses. O Governo, que j\u00e1 fez a licita\u00e7\u00e3o e pode incluir outros solicitantes no processo, vai avaliar a demanda recebida e autorizar que a administra\u00e7\u00e3o municipal trate diretamente com o fornecedor para garantir os instrumentos.<\/span><\/p>\n<p><b>Vantagens<\/b><\/p>\n<p><span style=\"font-weight: 400;\">Al\u00e9m de dar autonomia aos solicitantes e simplificar os procedimentos, o subsecret\u00e1rio do Centro de Servi\u00e7os Compartilhados da Secretaria de Estado de Planejamento e Gest\u00e3o (Seplag), Rodrigo Matias, explica que, agora, os pre\u00e7os est\u00e3o ainda mais baixos do que os praticados na primeira fase do Protege Minas, iniciada em abril.<\/span><\/p>\n<p><span style=\"font-weight: 400;\">\u201cOs munic\u00edpios ter\u00e3o condi\u00e7\u00f5es de fazer um processo de compra normal e com pre\u00e7o melhor nesta segunda etapa, justamente pela equaliza\u00e7\u00e3o do mercado, que agora est\u00e1 com mais oferta e consumo reduzido no mundo, uma vez que muitos pa\u00edses viviam a pandemia de maneira mais acentuada quando o programa foi lan\u00e7ado\u201d, sinaliza Matias.<\/span><\/p>\n<p><span style=\"font-weight: 400;\">Outra diferen\u00e7a, explica o subsecret\u00e1rio, \u00e9 que, com o regime de carona, as prefeituras ter\u00e3o rela\u00e7\u00e3o direta com o fornecedor. \u201cAl\u00e9m disso, vale ressaltar que mesmo os munic\u00edpios que n\u00e3o aderiram na primeira fase podem participar desta etapa do Protege Minas\u201d, acrescenta.<\/span><\/p>\n<p><b>Protege Minas<\/b><\/p>\n<p><span style=\"font-weight: 400;\">Desde o in\u00edcio do programa, 103 munic\u00edpios j\u00e1 foram atendidos pelo Protege Minas com a aquisi\u00e7\u00e3o de 2.724.800 pares de luvas, 1.592.330 m\u00e1scaras descart\u00e1veis triplas, 781.900 toucas, 121.270 aventais e 104.082 m\u00e1scaras N95. As prefeituras ou os hospitais filantr\u00f3picos repassaram ao Estado os valores por meio de um Documento de Arrecada\u00e7\u00e3o Estadual (DAE). Em alguns casos, os equipamentos sa\u00edram pela metade do pre\u00e7o praticado pelo mercado.<\/span><\/p>\n<p><strong>Fonte:<\/strong> Ag\u00eancia Minas<\/p>\n","protected":false},"excerpt":{"rendered":"<p>O Protege Minas, programa do Estado que j\u00e1 garantiu Equipamentos de Prote\u00e7\u00e3o Individual (EPIs) a mais de cem munic\u00edpios mineiros, deu in\u00edcio \u00e0 sua segunda fase. Agora, as prefeituras que necessitam dos itens &#8211; como luvas, aventais e m\u00e1scaras -, para profissionais que atuam na linha de frente no combate \u00e0 covid-19 podem compr\u00e1-los por [&hellip;]<\/p>\n","protected":false},"author":96,"featured_media":164854,"comment_status":"closed","ping_status":"closed","sticky":false,"template":"","format":"standard","meta":{"footnotes":""},"categories":[436,252,439],"tags":[],"class_list":["post-164853","post","type-post","status-publish","format-standard","has-post-thumbnail","hentry","category-destaque-da-semana","category-regiao","category-ultima-hora"],"_links":{"self":[{"href":"https:\/\/diarioregionaldigital.com.br\/index.php?rest_route=\/wp\/v2\/posts\/164853","targetHints":{"allow":["GET"]}}],"collection":[{"href":"https:\/\/diarioregionaldigital.com.br\/index.php?rest_route=\/wp\/v2\/posts"}],"about":[{"href":"https:\/\/diarioregionaldigital.com.br\/index.php?rest_route=\/wp\/v2\/types\/post"}],"author":[{"embeddable":true,"href":"https:\/\/diarioregionaldigital.com.br\/index.php?rest_route=\/wp\/v2\/users\/96"}],"replies":[{"embeddable":true,"href":"https:\/\/diarioregionaldigital.com.br\/index.php?rest_route=%2Fwp%2Fv2%2Fcomments&post=164853"}],"version-history":[{"count":0,"href":"https:\/\/diarioregionaldigital.com.br\/index.php?rest_route=\/wp\/v2\/posts\/164853\/revisions"}],"wp:featuredmedia":[{"embeddable":true,"href":"https:\/\/diarioregionaldigital.com.br\/index.php?rest_route=\/wp\/v2\/media\/164854"}],"wp:attachment":[{"href":"https:\/\/diarioregionaldigital.com.br\/index.php?rest_route=%2Fwp%2Fv2%2Fmedia&parent=164853"}],"wp:term":[{"taxonomy":"category","embeddable":true,"href":"https:\/\/diarioregionaldigital.com.br\/index.php?rest_route=%2Fwp%2Fv2%2Fcategories&post=164853"},{"taxonomy":"post_tag","embeddable":true,"href":"https:\/\/diarioregionaldigital.com.br\/index.php?rest_route=%2Fwp%2Fv2%2Ftags&post=164853"}],"curies":[{"name":"wp","href":"https:\/\/api.w.org\/{rel}","templated":true}]}}