{"id":164836,"date":"2020-07-17T10:39:44","date_gmt":"2020-07-17T13:39:44","guid":{"rendered":"https:\/\/diarioregionaldigital.com.br\/?p=164836"},"modified":"2020-07-17T10:39:44","modified_gmt":"2020-07-17T13:39:44","slug":"boletim-registra-2-801-novos-casos-por-coronavirus-em-minas-gerais","status":"publish","type":"post","link":"https:\/\/diarioregionaldigital.com.br\/?p=164836","title":{"rendered":"Boletim registra 2.801 novos casos por Coronav\u00edrus em Minas Gerais"},"content":{"rendered":"<p>O boletim epidemiol\u00f3gico divulgado nesta sexta-feira (17) pela Secretaria de Estado da Sa\u00fade de Minas Gerais (SES-MG), registra mais 2.801 novos casos confirmados por Coronav\u00edrus no estado, totalizando 87.271. Conforme o levantamento, o n\u00famero de mortes confirmadas aumentou de 1.834 para 1.904.<\/p>\n<p>Segundo o novo boletim, 60.134 pacientes est\u00e3o recuperados da doen\u00e7a, representando 68,9% dos casos. Conforme o levantamento 25.233 pacientes est\u00e3o sob acompanhamento m\u00e9dico. At\u00e9 ent\u00e3o foram feitos 57.415 testes laboratoriais, sendo que 12.532 deram positivo, 45.535 deram negativo e 1.437 est\u00e3o sob an\u00e1lise.<\/p>\n<p>Confira abaixo a tabela completa com os \u00f3bitos confirmados no estado:<\/p>\n<p><a href=\"https:\/\/diarioregionaldigital.com.br\/wp-content\/uploads\/2020\/07\/OBITOS_CONF_COVID-19_MG_17.07.2020.xls\">OBITOS_CONF_COVID-19_MG_17.07.2020<\/a><\/p>\n","protected":false},"excerpt":{"rendered":"<p>O boletim epidemiol\u00f3gico divulgado nesta sexta-feira (17) pela Secretaria de Estado da Sa\u00fade de Minas Gerais (SES-MG), registra mais 2.801 novos casos confirmados por Coronav\u00edrus no estado, totalizando 87.271. Conforme o levantamento, o n\u00famero de mortes confirmadas aumentou de 1.834 para 1.904. Segundo o novo boletim, 60.134 pacientes est\u00e3o recuperados da doen\u00e7a, representando 68,9% dos [&hellip;]<\/p>\n","protected":false},"author":96,"featured_media":163009,"comment_status":"closed","ping_status":"closed","sticky":false,"template":"","format":"standard","meta":{"footnotes":""},"categories":[436,440,252,439],"tags":[],"class_list":["post-164836","post","type-post","status-publish","format-standard","has-post-thumbnail","hentry","category-destaque-da-semana","category-destaques-do-dia","category-regiao","category-ultima-hora"],"_links":{"self":[{"href":"https:\/\/diarioregionaldigital.com.br\/index.php?rest_route=\/wp\/v2\/posts\/164836","targetHints":{"allow":["GET"]}}],"collection":[{"href":"https:\/\/diarioregionaldigital.com.br\/index.php?rest_route=\/wp\/v2\/posts"}],"about":[{"href":"https:\/\/diarioregionaldigital.com.br\/index.php?rest_route=\/wp\/v2\/types\/post"}],"author":[{"embeddable":true,"href":"https:\/\/diarioregionaldigital.com.br\/index.php?rest_route=\/wp\/v2\/users\/96"}],"replies":[{"embeddable":true,"href":"https:\/\/diarioregionaldigital.com.br\/index.php?rest_route=%2Fwp%2Fv2%2Fcomments&post=164836"}],"version-history":[{"count":0,"href":"https:\/\/diarioregionaldigital.com.br\/index.php?rest_route=\/wp\/v2\/posts\/164836\/revisions"}],"wp:featuredmedia":[{"embeddable":true,"href":"https:\/\/diarioregionaldigital.com.br\/index.php?rest_route=\/wp\/v2\/media\/163009"}],"wp:attachment":[{"href":"https:\/\/diarioregionaldigital.com.br\/index.php?rest_route=%2Fwp%2Fv2%2Fmedia&parent=164836"}],"wp:term":[{"taxonomy":"category","embeddable":true,"href":"https:\/\/diarioregionaldigital.com.br\/index.php?rest_route=%2Fwp%2Fv2%2Fcategories&post=164836"},{"taxonomy":"post_tag","embeddable":true,"href":"https:\/\/diarioregionaldigital.com.br\/index.php?rest_route=%2Fwp%2Fv2%2Ftags&post=164836"}],"curies":[{"name":"wp","href":"https:\/\/api.w.org\/{rel}","templated":true}]}}