{"id":164830,"date":"2020-07-17T06:00:36","date_gmt":"2020-07-17T09:00:36","guid":{"rendered":"https:\/\/diarioregionaldigital.com.br\/?p=164830"},"modified":"2020-07-17T03:16:05","modified_gmt":"2020-07-17T06:16:05","slug":"prefeitura-municipal-de-tocantins-processo-no071-17-07-2020","status":"publish","type":"post","link":"https:\/\/diarioregionaldigital.com.br\/?p=164830","title":{"rendered":"Prefeitura Municipal de Tocantins &#8211; Processo n\u00ba071 &#8211; 17\/07\/2020"},"content":{"rendered":"<p style=\"text-align: center;\"><strong>PREFEITURA MUNICIPAL DE TOCANTINS\/MG<\/strong><\/p>\n<p style=\"text-align: center;\"><strong>Processo n\u00b0 071\/2020<\/strong><\/p>\n<p style=\"text-align: center;\"><strong>Dispensa n\u00b0 031\/2020<\/strong><\/p>\n<p style=\"text-align: center;\"><strong>RATIFICA\u00c7\u00c3O<\/strong><\/p>\n<p style=\"text-align: center;\">O Prefeito Municipal de TOCANTINS\/MG, no uso de suas atribui\u00e7\u00f5es legais, com fulcro art. 24, inciso II da Lei n\u00b0 8.666\/93 e suas posteriores altera\u00e7\u00f5es, pelo presente ato, RATIFICA A COMPRA DIRETA PARA ATENDER AO MEMORANDO N\u00ba 047\/2020, ENCAMINHADO JUNTO AO OFICIO DE N\u00ba 13\/2020 REF: INQU\u00c9RITO CIVIL N\u00ba MPMG &#8211; 0699.18.000333-6. INFORMAMOS QUE AS ESTRAT\u00c9GIAS E SA\u00daDE DA FAMILIA: ESP PATRIM\u00d4NIO E ESP S\u00c3O JOS\u00c9 DESCENTRALIZADAS DO CENTRO INTEGRADO DE SA\u00daDE, NECESSITA DE 2 (DOIS) REL\u00d3GIOS DE PONTO ELETR\u00d4NICO COM COMUNICA\u00c7\u00c3O VIA PEN DRIVE E TCP IP INSTALADO E FUNCIONANDO (DESCRI\u00c7\u00c3O EM ANEXO), UMA VEZ QUE O CONTROLE DOS PROFISSIONAIS \u00c9 FEITA ATRAV\u00c9S\u00a0 DE LIVRO DE PONTO.<strong>GC TECNOLOGIA COMERCIO E SERVICOS DE EQUIPAMENTOS ELETRONICOS LTDA\u00a0\u00a0 &#8211; CNPJ: 26.455.555\/0001-11<\/strong>\u00a0Valor Total de R$ 500,00 (quinhentos reais)<\/p>\n<p style=\"text-align: center;\"><strong>MINAS PONTO RELOGIOS DE PONTO LTDA &#8211; CNPJ: 22.289.466\/0001-91<\/strong>.Valor Total de R$ 9.215,92 (nove mil, duzentos e quinze reais e noventa e dois centavos).TOCANTINS, 01 de Julho de 2020.<strong>\u00a0<\/strong><\/p>\n<p style=\"text-align: center;\"><strong>Ieder Washington de Oliveira. Prefeito Municipal<\/strong><\/p>\n","protected":false},"excerpt":{"rendered":"<p>PREFEITURA MUNICIPAL DE TOCANTINS\/MG Processo n\u00b0 071\/2020 Dispensa n\u00b0 031\/2020 RATIFICA\u00c7\u00c3O O Prefeito Municipal de TOCANTINS\/MG, no uso de suas atribui\u00e7\u00f5es legais, com fulcro art. 24, inciso II da Lei n\u00b0 8.666\/93 e suas posteriores altera\u00e7\u00f5es, pelo presente ato, RATIFICA A COMPRA DIRETA PARA ATENDER AO MEMORANDO N\u00ba 047\/2020, ENCAMINHADO JUNTO AO OFICIO DE N\u00ba [&hellip;]<\/p>\n","protected":false},"author":96,"featured_media":0,"comment_status":"closed","ping_status":"closed","sticky":false,"template":"","format":"standard","meta":{"footnotes":""},"categories":[307],"tags":[],"class_list":["post-164830","post","type-post","status-publish","format-standard","hentry","category-editais"],"_links":{"self":[{"href":"https:\/\/diarioregionaldigital.com.br\/index.php?rest_route=\/wp\/v2\/posts\/164830","targetHints":{"allow":["GET"]}}],"collection":[{"href":"https:\/\/diarioregionaldigital.com.br\/index.php?rest_route=\/wp\/v2\/posts"}],"about":[{"href":"https:\/\/diarioregionaldigital.com.br\/index.php?rest_route=\/wp\/v2\/types\/post"}],"author":[{"embeddable":true,"href":"https:\/\/diarioregionaldigital.com.br\/index.php?rest_route=\/wp\/v2\/users\/96"}],"replies":[{"embeddable":true,"href":"https:\/\/diarioregionaldigital.com.br\/index.php?rest_route=%2Fwp%2Fv2%2Fcomments&post=164830"}],"version-history":[{"count":0,"href":"https:\/\/diarioregionaldigital.com.br\/index.php?rest_route=\/wp\/v2\/posts\/164830\/revisions"}],"wp:attachment":[{"href":"https:\/\/diarioregionaldigital.com.br\/index.php?rest_route=%2Fwp%2Fv2%2Fmedia&parent=164830"}],"wp:term":[{"taxonomy":"category","embeddable":true,"href":"https:\/\/diarioregionaldigital.com.br\/index.php?rest_route=%2Fwp%2Fv2%2Fcategories&post=164830"},{"taxonomy":"post_tag","embeddable":true,"href":"https:\/\/diarioregionaldigital.com.br\/index.php?rest_route=%2Fwp%2Fv2%2Ftags&post=164830"}],"curies":[{"name":"wp","href":"https:\/\/api.w.org\/{rel}","templated":true}]}}