{"id":164828,"date":"2020-07-17T06:00:50","date_gmt":"2020-07-17T09:00:50","guid":{"rendered":"https:\/\/diarioregionaldigital.com.br\/?p=164828"},"modified":"2020-07-17T03:13:02","modified_gmt":"2020-07-17T06:13:02","slug":"prefeitura-municipal-de-tocantins-licitacao-no080-17-07-2020","status":"publish","type":"post","link":"https:\/\/diarioregionaldigital.com.br\/?p=164828","title":{"rendered":"Prefeitura Municipal de Tocantins &#8211; Licita\u00e7\u00e3o n\u00ba080 &#8211; 17\/07\/2020"},"content":{"rendered":"<p style=\"text-align: center;\"><strong>PREFEITURA MUNICIPAL DE TOCANTINS\/MG<\/strong><\/p>\n<p style=\"text-align: center;\"><strong>AVISO DE LICITA\u00c7\u00c3O<\/strong><\/p>\n<p style=\"text-align: center;\"><strong>\u00a0Processo Licita\u00e7\u00e3o n\u00b0080\/2020<\/strong><\/p>\n<p style=\"text-align: center;\"><strong>Modalidade de Preg\u00e3o Presencial n\u00b0032\/2020<\/strong><\/p>\n<p style=\"text-align: center;\">O Munic\u00edpio de TOCANTINS\/MG, na forma da lei, faz saber a todos os interessados que far\u00e1 licita\u00e7\u00e3o modalidade PREG\u00c3O PRESENCIAL no sistema REGISTRO DE PRE\u00c7OS, tendo como objeto aquisi\u00e7\u00e3o de MEDICAMENTOS REFERENCIA (\u00c9TICOS) MEDICAMENTOS REFERENCIA (\u00c9TICOS) DE \u201cA\u201d a \u201cZ\u201d, DESCRITOS NA TABELA CMED\/ANVISA conforme termo de referencia do edital a fim de \u00a0atender as necessidades da Secretaria de Sa\u00fade do Munic\u00edpio de Tocantins\/MG, cuja\u00a0<strong>sess\u00e3o p\u00fablica se dar\u00e1 no dia 03\/08\/2020 as 08:00 horas\u00a0<\/strong>na sala da comiss\u00e3o de licita\u00e7\u00e3o, localizada na Av. Padre Mac\u00e1rio, n\u00b0 129, bairro Centro, Munic\u00edpio de TOCANTINS\/MG. O edital completo encontra-se a disposi\u00e7\u00e3o dos interessados no endere\u00e7o citado anteriormente, no hor\u00e1rio de expediente de 07:00 as 11:00 horas e ou no endere\u00e7o eletr\u00f4nico\u00a0<a href=\"http:\/\/tocantins.mg.gov.br\/\">http:\/\/tocantins.mg.gov.br\/<\/a>.TOCANTINS, 16 de julho de 2020.<\/p>\n<p style=\"text-align: center;\">_________________________________________<\/p>\n<p style=\"text-align: center;\"><strong>Luiz Fernando Barbosa da Silva<\/strong><\/p>\n<p style=\"text-align: center;\"><strong>Pregoeiro<\/strong><\/p>\n","protected":false},"excerpt":{"rendered":"<p>PREFEITURA MUNICIPAL DE TOCANTINS\/MG AVISO DE LICITA\u00c7\u00c3O \u00a0Processo Licita\u00e7\u00e3o n\u00b0080\/2020 Modalidade de Preg\u00e3o Presencial n\u00b0032\/2020 O Munic\u00edpio de TOCANTINS\/MG, na forma da lei, faz saber a todos os interessados que far\u00e1 licita\u00e7\u00e3o modalidade PREG\u00c3O PRESENCIAL no sistema REGISTRO DE PRE\u00c7OS, tendo como objeto aquisi\u00e7\u00e3o de MEDICAMENTOS REFERENCIA (\u00c9TICOS) MEDICAMENTOS REFERENCIA (\u00c9TICOS) DE \u201cA\u201d a \u201cZ\u201d, [&hellip;]<\/p>\n","protected":false},"author":96,"featured_media":0,"comment_status":"closed","ping_status":"closed","sticky":false,"template":"","format":"standard","meta":{"footnotes":""},"categories":[307],"tags":[],"class_list":["post-164828","post","type-post","status-publish","format-standard","hentry","category-editais"],"_links":{"self":[{"href":"https:\/\/diarioregionaldigital.com.br\/index.php?rest_route=\/wp\/v2\/posts\/164828","targetHints":{"allow":["GET"]}}],"collection":[{"href":"https:\/\/diarioregionaldigital.com.br\/index.php?rest_route=\/wp\/v2\/posts"}],"about":[{"href":"https:\/\/diarioregionaldigital.com.br\/index.php?rest_route=\/wp\/v2\/types\/post"}],"author":[{"embeddable":true,"href":"https:\/\/diarioregionaldigital.com.br\/index.php?rest_route=\/wp\/v2\/users\/96"}],"replies":[{"embeddable":true,"href":"https:\/\/diarioregionaldigital.com.br\/index.php?rest_route=%2Fwp%2Fv2%2Fcomments&post=164828"}],"version-history":[{"count":0,"href":"https:\/\/diarioregionaldigital.com.br\/index.php?rest_route=\/wp\/v2\/posts\/164828\/revisions"}],"wp:attachment":[{"href":"https:\/\/diarioregionaldigital.com.br\/index.php?rest_route=%2Fwp%2Fv2%2Fmedia&parent=164828"}],"wp:term":[{"taxonomy":"category","embeddable":true,"href":"https:\/\/diarioregionaldigital.com.br\/index.php?rest_route=%2Fwp%2Fv2%2Fcategories&post=164828"},{"taxonomy":"post_tag","embeddable":true,"href":"https:\/\/diarioregionaldigital.com.br\/index.php?rest_route=%2Fwp%2Fv2%2Ftags&post=164828"}],"curies":[{"name":"wp","href":"https:\/\/api.w.org\/{rel}","templated":true}]}}