{"id":164802,"date":"2020-07-16T23:21:58","date_gmt":"2020-07-17T02:21:58","guid":{"rendered":"https:\/\/diarioregionaldigital.com.br\/?p=164802"},"modified":"2020-07-16T23:21:58","modified_gmt":"2020-07-17T02:21:58","slug":"mec-milton-ribeiro-toma-posse-e-promete-dialogo-com-educadores","status":"publish","type":"post","link":"https:\/\/diarioregionaldigital.com.br\/?p=164802","title":{"rendered":"MEC: Milton Ribeiro toma posse e promete di\u00e1logo com educadores"},"content":{"rendered":"<p>Em uma cerim\u00f4nia fechada, no Pal\u00e1cio do Planalto,\u00a0tomou posse\u00a0nesta quinta-feira (16) o novo ministro da Educa\u00e7\u00e3o, Milton Ribeiro. Ele foi\u00a0nomeado para o cargo\u00a0na semana passada. O presidente Jair Bolsonaro, que se recupera da covid-19, participou da solenidade diretamente do Pal\u00e1cio do Alvorada por meio de videoconfer\u00eancia, de onde assinou o termo de posse do novo auxiliar. \u00a0<img decoding=\"async\" src=\"https:\/\/agenciabrasil.ebc.com.br\/ebc.png?id=1311696&amp;o=node\" \/><\/p>\n<p>Em seu primeiro discurso no cargo, Ribeiro falou em abrir um di\u00e1logo nacional pela educa\u00e7\u00e3o e prometeu prioridade para o ensino t\u00e9cnico.<\/p>\n<p>&#8220;Queremos abrir um grande di\u00e1logo para ouvir os acad\u00eamicos e educadores que, como eu, est\u00e3o entristecidos com o que vem acontecendo com a educa\u00e7\u00e3o em nosso pa\u00eds, haja vista nossos referenciais e coloca\u00e7\u00f5es no\u00a0<em>ranking<\/em>\u00a0do Pisa [Programa Internacional de Avalia\u00e7\u00e3o de Estudantes]. Ainda, atrav\u00e9s do incentivo a cursos profissionalizantes, desejamos que os jovens tenham uma ponte ao mercado de trabalho, uma via para que atinjam seu potencial de contribui\u00e7\u00e3o para o nosso pa\u00eds&#8221;, disse o ministro.<\/p>\n<p>O novo titular do MEC afirmou que pol\u00edticas e filosofias educacionais, que considera equivocadas, &#8220;desconstru\u00edram a autoridade do professor em sala de aula&#8221; e disse que vai apoiar iniciativas para recuperar essa autoridade.<\/p>\n<p>&#8220;Muitas vezes, o que acontece \u00e9 o que a gente v\u00ea na TV, de professores sendo agredidos, desrespeitados e aquilo que eu puder, como ministro da Educa\u00e7\u00e3o, apoiar as iniciativas, n\u00f3s precisamos resgatar o respeito pelo professor.&#8221;<\/p>\n<p>Em um breve discurso, Jair Bolsonaro tamb\u00e9m falou sobre a necessidade de recuperar o respeito ao professor em sala de aula. &#8220;Os professores s\u00e3o praticamente nossos segundos pais, s\u00e3o aqueles a quem devemos respeito e reconhecimento por aquilo que nos ensinam e ficar\u00e1 para sempre em nossas vidas. N\u00e3o \u00e9 f\u00e1cil a vida de professor nos dias atuais&#8221;, disse.<\/p>\n<p>O presidente agradeceu Milton Ribeiro por ter aceitado o convite e destacou alguns desafios que o novo auxiliar enfrentar\u00e1 no MEC. &#8220;\u00c9 um minist\u00e9rio grande, complexo, com autonomia de setores, dependendo \u00e0s vezes de conselhos para se tomar decis\u00f5es. N\u00e3o \u00e9 f\u00e1cil a vida do ministro e dele depende, em grande parte, o futuro da nossa na\u00e7\u00e3o.&#8221;<\/p>\n<p><strong>Perfil\u00a0<\/strong><\/p>\n<p>Milton Ribeiro \u00e9 doutor em educac\u0327a\u0303o pela Universidade de S\u00e3o Paulo (USP), mestre em direito pela Universidade Presbiteriana Mackenzie e graduado em direito e teologia. Desde maio do ano passado, integrava a Comissa\u0303o de E\u0301tica da Preside\u0302ncia da Repu\u0301blica.<\/p>\n<p>Ribeiro \u00e9 o quarto ministro da Educa\u00e7\u00e3o do governo Bolsonaro. Ele tem a trajet\u00f3ria ligada \u00e0 Universidade Presbiteriana Mackenzie, onde foi reitor em exerc\u00edcio, vice-reitor e superintendente de p\u00f3s-gradua\u00e7\u00e3o\u00a0<em>lato sensu<\/em>. Ele tamb\u00e9m fez parte do conselho deliberativo do Instituto Presbiteriano Mackenzie e da Comiss\u00e3o de \u00c9tica e Compliance da mesma institui\u00e7\u00e3o.<\/p>\n<p>No discurso de posse, o novo ministro comentou sobre sua trajet\u00f3ria na institui\u00e7\u00e3o, com vincula\u00e7\u00f5es religiosas, mas ressaltou que sua gest\u00e3o na pasta ser\u00e1 balizada pela Constitui\u00e7\u00e3o e pelo respeito ao Estado laico.<\/p>\n<p>&#8220;Conquanto tenho a forma\u00e7\u00e3o religiosa, meu compromisso est\u00e1 bem firmado e bem localizado em valores constitucionais da laicidade do Estado e do ensino p\u00fablico.&#8221;<\/p>\n<p><strong>Fonte:\u00a0<\/strong>Ag\u00eancia Brasil<\/p>\n","protected":false},"excerpt":{"rendered":"<p>Em uma cerim\u00f4nia fechada, no Pal\u00e1cio do Planalto,\u00a0tomou posse\u00a0nesta quinta-feira (16) o novo ministro da Educa\u00e7\u00e3o, Milton Ribeiro. Ele foi\u00a0nomeado para o cargo\u00a0na semana passada. O presidente Jair Bolsonaro, que se recupera da covid-19, participou da solenidade diretamente do Pal\u00e1cio do Alvorada por meio de videoconfer\u00eancia, de onde assinou o termo de posse do novo [&hellip;]<\/p>\n","protected":false},"author":96,"featured_media":164803,"comment_status":"closed","ping_status":"closed","sticky":false,"template":"","format":"standard","meta":{"footnotes":""},"categories":[302,436,439],"tags":[],"class_list":["post-164802","post","type-post","status-publish","format-standard","has-post-thumbnail","hentry","category-brasil-mundo","category-destaque-da-semana","category-ultima-hora"],"_links":{"self":[{"href":"https:\/\/diarioregionaldigital.com.br\/index.php?rest_route=\/wp\/v2\/posts\/164802","targetHints":{"allow":["GET"]}}],"collection":[{"href":"https:\/\/diarioregionaldigital.com.br\/index.php?rest_route=\/wp\/v2\/posts"}],"about":[{"href":"https:\/\/diarioregionaldigital.com.br\/index.php?rest_route=\/wp\/v2\/types\/post"}],"author":[{"embeddable":true,"href":"https:\/\/diarioregionaldigital.com.br\/index.php?rest_route=\/wp\/v2\/users\/96"}],"replies":[{"embeddable":true,"href":"https:\/\/diarioregionaldigital.com.br\/index.php?rest_route=%2Fwp%2Fv2%2Fcomments&post=164802"}],"version-history":[{"count":0,"href":"https:\/\/diarioregionaldigital.com.br\/index.php?rest_route=\/wp\/v2\/posts\/164802\/revisions"}],"wp:featuredmedia":[{"embeddable":true,"href":"https:\/\/diarioregionaldigital.com.br\/index.php?rest_route=\/wp\/v2\/media\/164803"}],"wp:attachment":[{"href":"https:\/\/diarioregionaldigital.com.br\/index.php?rest_route=%2Fwp%2Fv2%2Fmedia&parent=164802"}],"wp:term":[{"taxonomy":"category","embeddable":true,"href":"https:\/\/diarioregionaldigital.com.br\/index.php?rest_route=%2Fwp%2Fv2%2Fcategories&post=164802"},{"taxonomy":"post_tag","embeddable":true,"href":"https:\/\/diarioregionaldigital.com.br\/index.php?rest_route=%2Fwp%2Fv2%2Ftags&post=164802"}],"curies":[{"name":"wp","href":"https:\/\/api.w.org\/{rel}","templated":true}]}}