{"id":164796,"date":"2020-07-16T21:06:10","date_gmt":"2020-07-17T00:06:10","guid":{"rendered":"https:\/\/diarioregionaldigital.com.br\/?p=164796"},"modified":"2020-07-16T21:06:10","modified_gmt":"2020-07-17T00:06:10","slug":"governo-de-minas-lanca-rede-estadual-de-gestores-municipais-de-cultura-e-turismo","status":"publish","type":"post","link":"https:\/\/diarioregionaldigital.com.br\/?p=164796","title":{"rendered":"Governo de Minas lan\u00e7a Rede Estadual de Gestores Municipais de Cultura e Turismo"},"content":{"rendered":"<p><span style=\"font-weight: 400;\">Ampliar a articula\u00e7\u00e3o das pautas dos munic\u00edpios e fortalecer as pol\u00edticas culturais de Turismo em todo o estado s\u00e3o as propostas da Rede Estadual de Gestores Municipais de Cultura e Turismo em Minas Gerais. Lan\u00e7ada durante encontro virtual, a rede vai atuar como facilitadora nos processos que envolvem o poder p\u00fablico estadual.\u00a0<\/span><\/p>\n<p><span style=\"font-weight: 400;\">Tendo como ponto de partida a grave situa\u00e7\u00e3o causada pela pandemia de coronav\u00edrus e os impactos nas \u00e1reas cultural e tur\u00edstica, a reuni\u00e3o on-line teve a participa\u00e7\u00e3o da Secretaria de Estado de Cultura e Turismo (Secult) e de entidades parceiras, como a Associa\u00e7\u00e3o Mineira de Munic\u00edpios (AMM), a Federa\u00e7\u00e3o dos Circuitos Tur\u00edsticos de Minas Gerais (Fecitur) e a Associa\u00e7\u00e3o dos Munic\u00edpios da Regi\u00e3o Metropolitana de Belo Horizonte (Granbel).<\/span><\/p>\n<p><span style=\"font-weight: 400;\">O secret\u00e1rio Le\u00f4nidas Oliveira destaca o papel da a\u00e7\u00e3o, especialmente num momento t\u00e3o sens\u00edvel. \u201cA Cultura \u00e9 fundamental para o desenvolvimento humano. Aliada ao Turismo, ela se torna ainda mais essencial. Essas duas \u00e1reas, que foram as primeiras a paralisarem suas atividades no contexto da pandemia, precisar\u00e3o muito uma da outra quando a situa\u00e7\u00e3o voltar ao normal. \u00c9 preciso um di\u00e1logo muito s\u00f3lido entre elas\u201d, afirma.<\/span><\/p>\n<p><span style=\"font-weight: 400;\">O secret\u00e1rio tamb\u00e9m aponta que o potencial atrativo do estado est\u00e1 concentrado em atividades que envolvem Turismo e Cultura. Para Oliveira, refor\u00e7ar essa vertente \u00e9 um caminho certo para potencializar as pol\u00edticas p\u00fablicas e uma reabertura segura. \u201cExplorar as potencialidades de cada regi\u00e3o, celebrando essa variedade de riquezas imensa, s\u00f3 \u00e9 poss\u00edvel com a colabora\u00e7\u00e3o de gestores municipais, que poder\u00e3o ter \u00e0 m\u00e3o recursos mais descentralizados\u201d, diz.<\/span><\/p>\n<p><b>Atua\u00e7\u00e3o articulada e descentralizada<\/b><\/p>\n<p><span style=\"font-weight: 400;\">A rede lan\u00e7ada prop\u00f5e um trabalho conjunto, mas que seja espec\u00edfico e estrat\u00e9gico quando necess\u00e1rio, considerando as diferentes caracter\u00edsticas socioculturais e tur\u00edsticas de cada regi\u00e3o de Minas Gerais. O objetivo \u00e9 que os gestores integrantes do movimento pensem, sempre, nas potencialidades regionais e em quais pol\u00edticas p\u00fablicas podem contribuir para o desenvolvimento das \u00e1reas.<\/span><\/p>\n<p><span style=\"font-weight: 400;\">A ades\u00e3o ao movimento tamb\u00e9m est\u00e1 atrelada ao desenvolvimento local sustent\u00e1vel e \u00e0 melhoria da qualidade de vida nas cidades. Os munic\u00edpios devem planejar uma atua\u00e7\u00e3o conjunta em gastronomia, equipamentos culturais, valoriza\u00e7\u00e3o do patrim\u00f4nio e em a\u00e7\u00f5es como mostras, festivais e festas populares, levando em conta o fortalecimento de aspectos culturais, criativos e econ\u00f4micos.<\/span><\/p>\n<p><b>Troca de experi\u00eancias<\/b><\/p>\n<p><span style=\"font-weight: 400;\">Segundo o secret\u00e1rio Le\u00f4nidas Oliveira, a articula\u00e7\u00e3o entre gestores vai possibilitar que um n\u00famero ainda maior de cidades de Minas, que soma 853 munic\u00edpios, possa usufruir de mecanismos de fomento. Uma das primeiras discuss\u00f5es ser\u00e1 pautada pela Lei 14.017, de 2020, a Lei Aldir Blanc, sancionada em junho pelo governo federal e que prev\u00ea o repasse de R$ 3 bilh\u00f5es a estados e munic\u00edpios para gest\u00e3o de espa\u00e7os culturais e linhas de cr\u00e9dito para micro e pequenas empresas do setor.\u00a0<\/span><\/p>\n<p><span style=\"font-weight: 400;\">A ades\u00e3o ao Programa ICMS Patrim\u00f4nio Cultural, iniciativa do Estado para salvaguarda de bens do patrim\u00f4nio hist\u00f3rico municipais, e os recentes editais da Secult, como o Museu Seguro, tamb\u00e9m v\u00e3o nortear os pr\u00f3ximos encontros. Os gestores interessados em integrar a rede podem fazer um cadastro provis\u00f3rio informando dados sobre atividades culturais e tur\u00edsticas do munic\u00edpio no e-mail ct.gestoresmunicipaismg@gmail.com.<\/span><\/p>\n<p><strong>Fonte:<\/strong> Ag\u00eancia Minas<\/p>\n","protected":false},"excerpt":{"rendered":"<p>Ampliar a articula\u00e7\u00e3o das pautas dos munic\u00edpios e fortalecer as pol\u00edticas culturais de Turismo em todo o estado s\u00e3o as propostas da Rede Estadual de Gestores Municipais de Cultura e Turismo em Minas Gerais. Lan\u00e7ada durante encontro virtual, a rede vai atuar como facilitadora nos processos que envolvem o poder p\u00fablico estadual.\u00a0 Tendo como ponto [&hellip;]<\/p>\n","protected":false},"author":96,"featured_media":164797,"comment_status":"closed","ping_status":"closed","sticky":false,"template":"","format":"standard","meta":{"footnotes":""},"categories":[436,252,439],"tags":[],"class_list":["post-164796","post","type-post","status-publish","format-standard","has-post-thumbnail","hentry","category-destaque-da-semana","category-regiao","category-ultima-hora"],"_links":{"self":[{"href":"https:\/\/diarioregionaldigital.com.br\/index.php?rest_route=\/wp\/v2\/posts\/164796","targetHints":{"allow":["GET"]}}],"collection":[{"href":"https:\/\/diarioregionaldigital.com.br\/index.php?rest_route=\/wp\/v2\/posts"}],"about":[{"href":"https:\/\/diarioregionaldigital.com.br\/index.php?rest_route=\/wp\/v2\/types\/post"}],"author":[{"embeddable":true,"href":"https:\/\/diarioregionaldigital.com.br\/index.php?rest_route=\/wp\/v2\/users\/96"}],"replies":[{"embeddable":true,"href":"https:\/\/diarioregionaldigital.com.br\/index.php?rest_route=%2Fwp%2Fv2%2Fcomments&post=164796"}],"version-history":[{"count":0,"href":"https:\/\/diarioregionaldigital.com.br\/index.php?rest_route=\/wp\/v2\/posts\/164796\/revisions"}],"wp:featuredmedia":[{"embeddable":true,"href":"https:\/\/diarioregionaldigital.com.br\/index.php?rest_route=\/wp\/v2\/media\/164797"}],"wp:attachment":[{"href":"https:\/\/diarioregionaldigital.com.br\/index.php?rest_route=%2Fwp%2Fv2%2Fmedia&parent=164796"}],"wp:term":[{"taxonomy":"category","embeddable":true,"href":"https:\/\/diarioregionaldigital.com.br\/index.php?rest_route=%2Fwp%2Fv2%2Fcategories&post=164796"},{"taxonomy":"post_tag","embeddable":true,"href":"https:\/\/diarioregionaldigital.com.br\/index.php?rest_route=%2Fwp%2Fv2%2Ftags&post=164796"}],"curies":[{"name":"wp","href":"https:\/\/api.w.org\/{rel}","templated":true}]}}