{"id":164791,"date":"2020-07-16T18:56:38","date_gmt":"2020-07-16T21:56:38","guid":{"rendered":"https:\/\/diarioregionaldigital.com.br\/?p=164791"},"modified":"2020-07-16T18:56:38","modified_gmt":"2020-07-16T21:56:38","slug":"governador-entrega-respiradores-e-cardioversores-no-interior-de-minas","status":"publish","type":"post","link":"https:\/\/diarioregionaldigital.com.br\/?p=164791","title":{"rendered":"Governador entrega respiradores e cardioversores no interior de Minas"},"content":{"rendered":"<p><main class=\"clear margin-md-bottom-3\"><\/p>\n<div class=\"clear \">\n<p>O governador Romeu Zema entregou nesta quinta-feira (16\/7), em tr\u00eas munic\u00edpios mineiros, equipamentos para auxiliar nas medidas de combate ao coronav\u00edrus. Os aparelhos foram adquiridos com recursos oriundos de a\u00e7\u00e3o judicial movida pelo\u00a0Governo de Minas\u00a0contra a mineradora Samarco, em raz\u00e3o do rompimento da barragem em Mariana, em 2015. A a\u00e7\u00e3o permitiu a compra de 1.047 respiradores. Cerca de 600 j\u00e1 foram recebidos e distribu\u00eddos por diversas regi\u00f5es do estado.<\/p>\n<p>Em Uberl\u00e2ndia, no Tri\u00e2ngulo Mineiro, foram entregues oito respiradores e um cardioversor (utilizado para interromper arritmias ou irregularidades dos batimentos card\u00edacos), que v\u00e3o equipar a Unidade Central do Hospital e Maternidade Municipal Dr. Odelmo Le\u00e3o Carneiro para atendimento a pacientes com covid-19.<\/p>\n<p>Em atendimento \u00e0 solicita\u00e7\u00e3o da Prefeitura de Uberl\u00e2ndia por mais oito respiradores, o Governo do Estado enviar\u00e1 os equipamentos nas pr\u00f3ximas semanas. De acordo com o governador, o momento que Minas Gerais est\u00e1 vivendo \u00e9 o mais cr\u00edtico desde o in\u00edcio da pandemia. \u201cDesde o come\u00e7o, o Estado agiu prontamente, fazendo com que Minas tenha um dos menores \u00edndices de \u00f3bitos por 100 mil habitantes\u201d, destacou.<\/p>\n<p>Zema enfatizou que,\u00a0nos \u00faltimos 100 dias, o sistema de Sa\u00fade mineiro foi fortalecido com a implanta\u00e7\u00e3o de mais de 1.400 leitos de UTIs (unidades de terapia intensiva), aquisi\u00e7\u00e3o de 1.047 respiradores, EPIs e a montagem do Hospital de Campanha, em Belo Horizonte. E lembrou que a distribui\u00e7\u00e3o dos equipamentos tem sido realizada por crit\u00e9rios t\u00e9cnicos e em todas as regi\u00f5es do estado.<\/p>\n<p><b>Minas Consciente<\/b><\/p>\n<p>O governador lembrou que o Governo de Minas abriu, nesta quinta-feira, consulta p\u00fablica sobre o plano\u00a0Minas Consciente, que prev\u00ea a retomada gradual e segura da economia no estado durante a pandemia do coronav\u00edrus, sempre colocando a sa\u00fade dos mineiros em primeiro lugar.<\/p>\n<p>Zema ressaltou que o objetivo \u00e9 ouvir a popula\u00e7\u00e3o e os prefeitos para adaptar o plano \u00e0s necessidades dos mineiros e \u00e0 realidade de cada regi\u00e3o. \u201cO que foi pensado inicialmente passar\u00e1 por altera\u00e7\u00f5es porque nossa realidade mudou de l\u00e1 pra c\u00e1. No momento, ser\u00e1 constru\u00edda uma vers\u00e3o atualizada e mais completa. Queremos que os munic\u00edpios tenham protocolos nas m\u00e3os, sobretudo aqueles com estruturas de Sa\u00fade mais carentes\u201d, afirmou.<\/p>\n<p><b>Est\u00edmulo<\/b><\/p>\n<p>O prefeito Odelmo Le\u00e3o afirmou que a presen\u00e7a de Zema no munic\u00edpio era um est\u00edmulo para continuar a desenvolver pol\u00edticas p\u00fablicas no combate \u00e0 pandemia. \u201cSaber que o Estado est\u00e1 pr\u00f3ximo do Executivo municipal \u00e9 sempre importante, sobretudo nos momentos de dificuldades\u201d, afirmou.<\/p>\n<p><b>Jo\u00e3o Pinheiro<\/b><\/p>\n<p>Na cidade do Noroeste de Minas, Jo\u00e3o Pinheiro, os dez respiradores entregues pelo governador Romeu Zema v\u00e3o equipar o Hospital Municipal Ant\u00f4nio Carneiro Valadares. Os aparelhos v\u00e3o possibilitar a abertura dos dez primeiros leitos de UTI e, com isso, ampliar a capacidade de atendimento a pacientes com covid-19 no munic\u00edpio e regi\u00e3o. Dos respiradores destinados \u00e0 cidade, sete s\u00e3o invasivos e tr\u00eas s\u00e3o n\u00e3o invasivos.<\/p>\n<p>\u201cDesde quando a pandemia come\u00e7ou, em mar\u00e7o, o Estado tem tomado todas as medidas poss\u00edveis para postergar o pico da curva de contamina\u00e7\u00e3o para que n\u00e3o faltasse atendimento m\u00e9dico aos mineiros. Nenhum \u00f3bito em Minas Gerais foi devido \u00e0 falta de atendimento m\u00e9dico\u201d, afirmou o governador.<\/p>\n<p>Zema ressaltou as a\u00e7\u00f5es realizadas pelo governo, como a compra de respiradores, a manuten\u00e7\u00e3o e distribui\u00e7\u00e3o de cerca de outros 400 aparelhos que estavam sem utiliza\u00e7\u00e3o em todo o estado, a constru\u00e7\u00e3o do Hospital de Campanha, em Belo Horizonte, e o trabalho para a amplia\u00e7\u00e3o do n\u00famero de leitos.<\/p>\n<p><b>Refor\u00e7o<\/b><\/p>\n<p>Segundo o governador, al\u00e9m de equipar o sistema para o tratamento do coronav\u00edrus, a entrega dos respiradores faz parte de um plano estrat\u00e9gico do Estado para refor\u00e7ar o sistema p\u00fablico de Sa\u00fade na regi\u00e3o Noroeste de Minas. Para a macrorregi\u00e3o, tamb\u00e9m j\u00e1 foram entregues outros dez respiradores e outros dois cardioversores.<\/p>\n<p>\u201cJo\u00e3o Pinheiro vai ser uma das cidades que vai sair com um ganho. Sempre tivemos em algumas regi\u00f5es do estado, em especial a Noroeste, defici\u00eancia de leitos. Estamos hoje aqui entregando dez UTIs e elas continuar\u00e3o aqui na cidade. As pessoas tinham que recorrer a Patos de Minas, mas, agora, n\u00f3s vamos ter um sistema de Sa\u00fade mais fortalecido\u201d finalizou o governador.<\/p>\n<p><b>Estrutura\u00e7\u00e3o da regi\u00e3o<\/b><\/p>\n<p>O secret\u00e1rio de Estado de\u00a0Sa\u00fade, o m\u00e9dico neurocirurgi\u00e3o Carlos Eduardo Amaral, que acompanhou o governador nas entregas no interior, destacou o trabalho estrat\u00e9gico desenvolvido pelo governo para fortalecer o sistema de Sa\u00fade.<\/p>\n<p>\u201cDesde o in\u00edcio da gest\u00e3o, entendemos que a regi\u00e3o Noroeste precisava retornar para Minas, que tinha a assist\u00eancia direcionada para o Distrito Federal. Temos a inten\u00e7\u00e3o de manter estes leitos de terapia intensiva aqui e temos o projeto de implementa\u00e7\u00e3o do Samu para a regi\u00e3o. \u00c9 um projeto de reestrutura\u00e7\u00e3o da regi\u00e3o Noroeste\u201d, disse o secret\u00e1rio Carlos Eduardo.<\/p>\n<p>O prefeito de Jo\u00e3o Pinheiro, Edmar Xavier Maciel, agradeceu o empenho do governo estadual. \u201cNossa preocupa\u00e7\u00e3o \u00e9 ver as pessoas morrendo sem os recursos, principalmente o respirador. Come\u00e7amos um trabalho para montar a nossa UTI e o Estado foi muito \u00fatil, desburocratizou muita coisa para conseguirmos isso. N\u00f3s vamos ter, para a seguran\u00e7a da popula\u00e7\u00e3o, dez UTIs montadas equipadas, prontas para atendimento. Temos que agradecer toda a aten\u00e7\u00e3o que o Estado tem dado a Jo\u00e3o Pinheiro\u201d, finalizou.<\/p>\n<p><b>Al\u00e9m Para\u00edba<\/b><\/p>\n<p>Em Al\u00e9m Para\u00edba, na Zona da Mata, o governador Romeu Zema fez a entrega de cinco respiradores para equipar o Hospital S\u00e3o Salvador. Os aparelhos v\u00e3o possibilitar a abertura de cinco novos leitos de UTI (Unidade de Terapia Intensiva) para ampliar a capacidade de atendimento a pacientes com covid-19 no munic\u00edpio e na regi\u00e3o.<\/p>\n<p>Atualmente, Al\u00e9m Para\u00edba conta com cinco leitos de UTI e 30 de enfermaria.<\/p>\n<p>Durante a entrega, Zema lamentou as mortes por coronav\u00edrus em Minas Gerais e ressaltou que o Executivo trabalha incansavelmente para que a rede de Sa\u00fade atenda a todos os mineiros.<\/p>\n<p>\u201cEstou aqui em uma situa\u00e7\u00e3o triste, em que estamos lutando para salvar vidas. Mas posso dizer que estamos preparados para que nenhum mineiro fique sem atendimento m\u00e9dico. Nenhum dos \u00f3bitos que tivemos at\u00e9 hoje foi por falta de assist\u00eancia, embora lamentemos muito por todos eles. Desde mar\u00e7o, ampliamos em mais de 1.400 o n\u00famero de UTIs no estado e hoje s\u00e3o quase 3.500. Temos um sistema de Sa\u00fade muito mais fortalecido do que t\u00ednhamos quando a pandemia come\u00e7ou\u201d, disse.<\/p>\n<p><b>Parceria com prefeituras<\/b><\/p>\n<p>Ele tamb\u00e9m afirmou que a parceria com as prefeituras tem sido fundamental para amenizar os impactos da doen\u00e7a. \u201cEm um estado com 853 munic\u00edpios, seria presun\u00e7\u00e3o minha querer uma regra que se aplicasse a todos. Cada prefeito sabe qual \u00e9 a situa\u00e7\u00e3o e como agir na sua localidade. Apesar de todos os desafios, temos o terceiro menor \u00edndice de \u00f3bitos no Brasil. E s\u00f3 conseguimos isso gra\u00e7as \u00e0 consci\u00eancia do povo mineiro, que tem tomado medidas de isolamento, de distanciamento e de preven\u00e7\u00e3o\u201d, lembrou.<\/p>\n<p>O prefeito de Al\u00e9m Para\u00edba, Miguel Belmiro de Souza J\u00fanior, o Miguelzinho, tamb\u00e9m destacou a import\u00e2ncia da uni\u00e3o entre os executivos estadual e municipal.<\/p>\n<p>\u201cJ\u00e1 estamos h\u00e1 quase cinco meses em uma batalha incans\u00e1vel, mas o trabalho de Minas tem sido muito bom, os n\u00fameros n\u00e3o mentem. Tudo o que a atual gest\u00e3o combinou com a Associa\u00e7\u00e3o Mineira de Munic\u00edpios, ela tem cumprido \u00e0 risca. Aquilo que o governador devolveu aos prefeitos, o recurso que devolveu para a popula\u00e7\u00e3o, vem ajudando muitas fam\u00edlias em nossa cidade e, tenho certeza, em todo o estado\u201d, disse.<\/p>\n<p><b>Entrega<\/b><\/p>\n<p>Dos respiradores destinados a Al\u00e9m Para\u00edba, tr\u00eas s\u00e3o invasivos, enquanto os outros dois s\u00e3o n\u00e3o invasivos. Tamb\u00e9m foi entregue um cardioversor. Com as novas entregas, a macrorregi\u00e3o de Sa\u00fade Sudeste, que contempla a cidade de Al\u00e9m Para\u00edba, passa a contar com 15 ventiladores invasivos, sete ventiladores n\u00e3o invasivos e quatro cardioversores.<b>\u00a0<\/b><\/p>\n<p><strong>Fonte:\u00a0<\/strong>Ag\u00eancia Minas<\/p>\n<\/div>\n<p><\/main><\/p>\n","protected":false},"excerpt":{"rendered":"<p>O governador Romeu Zema entregou nesta quinta-feira (16\/7), em tr\u00eas munic\u00edpios mineiros, equipamentos para auxiliar nas medidas de combate ao coronav\u00edrus. Os aparelhos foram adquiridos com recursos oriundos de a\u00e7\u00e3o judicial movida pelo\u00a0Governo de Minas\u00a0contra a mineradora Samarco, em raz\u00e3o do rompimento da barragem em Mariana, em 2015. A a\u00e7\u00e3o permitiu a compra de 1.047 [&hellip;]<\/p>\n","protected":false},"author":96,"featured_media":164792,"comment_status":"closed","ping_status":"closed","sticky":false,"template":"","format":"standard","meta":{"footnotes":""},"categories":[436,252,439],"tags":[],"class_list":["post-164791","post","type-post","status-publish","format-standard","has-post-thumbnail","hentry","category-destaque-da-semana","category-regiao","category-ultima-hora"],"_links":{"self":[{"href":"https:\/\/diarioregionaldigital.com.br\/index.php?rest_route=\/wp\/v2\/posts\/164791","targetHints":{"allow":["GET"]}}],"collection":[{"href":"https:\/\/diarioregionaldigital.com.br\/index.php?rest_route=\/wp\/v2\/posts"}],"about":[{"href":"https:\/\/diarioregionaldigital.com.br\/index.php?rest_route=\/wp\/v2\/types\/post"}],"author":[{"embeddable":true,"href":"https:\/\/diarioregionaldigital.com.br\/index.php?rest_route=\/wp\/v2\/users\/96"}],"replies":[{"embeddable":true,"href":"https:\/\/diarioregionaldigital.com.br\/index.php?rest_route=%2Fwp%2Fv2%2Fcomments&post=164791"}],"version-history":[{"count":0,"href":"https:\/\/diarioregionaldigital.com.br\/index.php?rest_route=\/wp\/v2\/posts\/164791\/revisions"}],"wp:featuredmedia":[{"embeddable":true,"href":"https:\/\/diarioregionaldigital.com.br\/index.php?rest_route=\/wp\/v2\/media\/164792"}],"wp:attachment":[{"href":"https:\/\/diarioregionaldigital.com.br\/index.php?rest_route=%2Fwp%2Fv2%2Fmedia&parent=164791"}],"wp:term":[{"taxonomy":"category","embeddable":true,"href":"https:\/\/diarioregionaldigital.com.br\/index.php?rest_route=%2Fwp%2Fv2%2Fcategories&post=164791"},{"taxonomy":"post_tag","embeddable":true,"href":"https:\/\/diarioregionaldigital.com.br\/index.php?rest_route=%2Fwp%2Fv2%2Ftags&post=164791"}],"curies":[{"name":"wp","href":"https:\/\/api.w.org\/{rel}","templated":true}]}}