{"id":164788,"date":"2020-07-16T18:55:10","date_gmt":"2020-07-16T21:55:10","guid":{"rendered":"https:\/\/diarioregionaldigital.com.br\/?p=164788"},"modified":"2020-07-16T18:55:10","modified_gmt":"2020-07-16T21:55:10","slug":"guarda-municipal-encontra-drogas-e-dinheiro-em-praca","status":"publish","type":"post","link":"https:\/\/diarioregionaldigital.com.br\/?p=164788","title":{"rendered":"Guarda Municipal encontra drogas e dinheiro em pra\u00e7a"},"content":{"rendered":"<p>Uma equipe da Guarda Municipal, empenhada em apoio ao Centro de Refer\u00eancia e Assist\u00eancia Social (Cras-Leste), na Pra\u00e7a Senador Teot\u00f4nio Vilela, Bairro Vitorino Braga, na manh\u00e3 desta quinta-feira, 16, descobriu esconderijo de dinheiro e drogas. Os guardas perceberam movimenta\u00e7\u00e3o suspeita no local, quando um homem entrou de bicicleta na pra\u00e7a, acessando direto um tronco de \u00e1rvore cortado. Ao notar a aproxima\u00e7\u00e3o dos guardas, ele fugiu. Foi feita busca nas imedia\u00e7\u00f5es, mas o suspeito n\u00e3o foi localizado. J\u00e1 no ponto visitado pelo ciclista estavam R$ 275,05 em dinheiro e uma bucha de subst\u00e2ncia an\u00e1loga \u00e0 maconha, escondidos debaixo de um monte de folhas secas, dentro do tronco da \u00e1rvore. Todo o material apreendido foi levado \u00e0 Delegacia Especial de Drogas e apresentado \u00e0 autoridade policial, para as demais provid\u00eancias.<\/p>\n<p><strong>Fonte:<\/strong> Assessoria<\/p>\n","protected":false},"excerpt":{"rendered":"<p>Uma equipe da Guarda Municipal, empenhada em apoio ao Centro de Refer\u00eancia e Assist\u00eancia Social (Cras-Leste), na Pra\u00e7a Senador Teot\u00f4nio Vilela, Bairro Vitorino Braga, na manh\u00e3 desta quinta-feira, 16, descobriu esconderijo de dinheiro e drogas. Os guardas perceberam movimenta\u00e7\u00e3o suspeita no local, quando um homem entrou de bicicleta na pra\u00e7a, acessando direto um tronco de [&hellip;]<\/p>\n","protected":false},"author":96,"featured_media":164789,"comment_status":"closed","ping_status":"closed","sticky":false,"template":"","format":"standard","meta":{"footnotes":""},"categories":[253,436,439],"tags":[],"class_list":["post-164788","post","type-post","status-publish","format-standard","has-post-thumbnail","hentry","category-cidade","category-destaque-da-semana","category-ultima-hora"],"_links":{"self":[{"href":"https:\/\/diarioregionaldigital.com.br\/index.php?rest_route=\/wp\/v2\/posts\/164788","targetHints":{"allow":["GET"]}}],"collection":[{"href":"https:\/\/diarioregionaldigital.com.br\/index.php?rest_route=\/wp\/v2\/posts"}],"about":[{"href":"https:\/\/diarioregionaldigital.com.br\/index.php?rest_route=\/wp\/v2\/types\/post"}],"author":[{"embeddable":true,"href":"https:\/\/diarioregionaldigital.com.br\/index.php?rest_route=\/wp\/v2\/users\/96"}],"replies":[{"embeddable":true,"href":"https:\/\/diarioregionaldigital.com.br\/index.php?rest_route=%2Fwp%2Fv2%2Fcomments&post=164788"}],"version-history":[{"count":0,"href":"https:\/\/diarioregionaldigital.com.br\/index.php?rest_route=\/wp\/v2\/posts\/164788\/revisions"}],"wp:featuredmedia":[{"embeddable":true,"href":"https:\/\/diarioregionaldigital.com.br\/index.php?rest_route=\/wp\/v2\/media\/164789"}],"wp:attachment":[{"href":"https:\/\/diarioregionaldigital.com.br\/index.php?rest_route=%2Fwp%2Fv2%2Fmedia&parent=164788"}],"wp:term":[{"taxonomy":"category","embeddable":true,"href":"https:\/\/diarioregionaldigital.com.br\/index.php?rest_route=%2Fwp%2Fv2%2Fcategories&post=164788"},{"taxonomy":"post_tag","embeddable":true,"href":"https:\/\/diarioregionaldigital.com.br\/index.php?rest_route=%2Fwp%2Fv2%2Ftags&post=164788"}],"curies":[{"name":"wp","href":"https:\/\/api.w.org\/{rel}","templated":true}]}}