{"id":164786,"date":"2020-07-16T18:52:52","date_gmt":"2020-07-16T21:52:52","guid":{"rendered":"https:\/\/diarioregionaldigital.com.br\/?p=164786"},"modified":"2020-07-16T18:52:52","modified_gmt":"2020-07-16T21:52:52","slug":"juiz-de-fora-tem-215-novos-casos-de-coronavirus","status":"publish","type":"post","link":"https:\/\/diarioregionaldigital.com.br\/?p=164786","title":{"rendered":"Juiz de Fora tem 215 novos casos de Coronav\u00edrus"},"content":{"rendered":"<p>A Secretaria de Sa\u00fade (SS) da Prefeitura de Juiz de Fora (PJF), registrou em boletim epidemiol\u00f3gico divulgado nesta quinta-feira (16), mais 215 novos casos confirmados de Coronav\u00edrus, totalizando 2.993 infectados. Al\u00e9m disso, foram registrados mais uma morte no munic\u00edpio, contabilizando 90 \u00f3bitos. A v\u00edtima \u00e9 uma idosa de 70 anos que morreu nessa quarta-feira, 15. Ela tinha Doen\u00e7a Cardiovascular Cr\u00f4nica (DCC), Diabetes Mellitus e asma. O boletim ainda registrou mais 337 novas suspeitas, contabilizando 11.076.<\/p>\n<p><strong>Leitos\u00a0<\/strong><\/p>\n<p>Segundo dados da PJF, os leitos de enfermaria no munic\u00edpio apresentam taxa de 59,87% de ocupa\u00e7\u00e3o. J\u00e1 os leitos de UTI est\u00e3o com 69,64% de ocupa\u00e7\u00e3o e os leitos no SUS est\u00e3o com 76,57%.<\/p>\n","protected":false},"excerpt":{"rendered":"<p>A Secretaria de Sa\u00fade (SS) da Prefeitura de Juiz de Fora (PJF), registrou em boletim epidemiol\u00f3gico divulgado nesta quinta-feira (16), mais 215 novos casos confirmados de Coronav\u00edrus, totalizando 2.993 infectados. Al\u00e9m disso, foram registrados mais uma morte no munic\u00edpio, contabilizando 90 \u00f3bitos. A v\u00edtima \u00e9 uma idosa de 70 anos que morreu nessa quarta-feira, 15. [&hellip;]<\/p>\n","protected":false},"author":96,"featured_media":157417,"comment_status":"closed","ping_status":"closed","sticky":false,"template":"","format":"standard","meta":{"footnotes":""},"categories":[253,436,440,439],"tags":[],"class_list":["post-164786","post","type-post","status-publish","format-standard","has-post-thumbnail","hentry","category-cidade","category-destaque-da-semana","category-destaques-do-dia","category-ultima-hora"],"_links":{"self":[{"href":"https:\/\/diarioregionaldigital.com.br\/index.php?rest_route=\/wp\/v2\/posts\/164786","targetHints":{"allow":["GET"]}}],"collection":[{"href":"https:\/\/diarioregionaldigital.com.br\/index.php?rest_route=\/wp\/v2\/posts"}],"about":[{"href":"https:\/\/diarioregionaldigital.com.br\/index.php?rest_route=\/wp\/v2\/types\/post"}],"author":[{"embeddable":true,"href":"https:\/\/diarioregionaldigital.com.br\/index.php?rest_route=\/wp\/v2\/users\/96"}],"replies":[{"embeddable":true,"href":"https:\/\/diarioregionaldigital.com.br\/index.php?rest_route=%2Fwp%2Fv2%2Fcomments&post=164786"}],"version-history":[{"count":0,"href":"https:\/\/diarioregionaldigital.com.br\/index.php?rest_route=\/wp\/v2\/posts\/164786\/revisions"}],"wp:featuredmedia":[{"embeddable":true,"href":"https:\/\/diarioregionaldigital.com.br\/index.php?rest_route=\/wp\/v2\/media\/157417"}],"wp:attachment":[{"href":"https:\/\/diarioregionaldigital.com.br\/index.php?rest_route=%2Fwp%2Fv2%2Fmedia&parent=164786"}],"wp:term":[{"taxonomy":"category","embeddable":true,"href":"https:\/\/diarioregionaldigital.com.br\/index.php?rest_route=%2Fwp%2Fv2%2Fcategories&post=164786"},{"taxonomy":"post_tag","embeddable":true,"href":"https:\/\/diarioregionaldigital.com.br\/index.php?rest_route=%2Fwp%2Fv2%2Ftags&post=164786"}],"curies":[{"name":"wp","href":"https:\/\/api.w.org\/{rel}","templated":true}]}}