{"id":164783,"date":"2020-07-16T18:23:49","date_gmt":"2020-07-16T21:23:49","guid":{"rendered":"https:\/\/diarioregionaldigital.com.br\/?p=164783"},"modified":"2020-07-16T18:23:49","modified_gmt":"2020-07-16T21:23:49","slug":"fiscalizacao-interdita-salao-de-beleza-no-centro-de-juiz-de-fora","status":"publish","type":"post","link":"https:\/\/diarioregionaldigital.com.br\/?p=164783","title":{"rendered":"Fiscaliza\u00e7\u00e3o interdita sal\u00e3o de beleza no Centro de Juiz de Fora"},"content":{"rendered":"<p><span style=\"font-weight: 400;\">Os fiscais de posturas da Secretaria de Meio Ambiente e Ordenamento Urbano (Semaur) da Prefeitura de Juiz de Fora (PJF), interditaram nessa quinta-feira (16), um sal\u00e3o de beleza localizado na Rua Santo Ant\u00f4nio no Centro, que n\u00e3o estava permitido para funcionamento.<\/span><\/p>\n<p><span style=\"font-weight: 400;\">Os respons\u00e1veis pela propriedade foram notificados sobre o funcionamento irregular e solicitaram que o estabelecimento fosse fechado. Como a determina\u00e7\u00e3o n\u00e3o foi acatada, a interdi\u00e7\u00e3o foi realizada, com apoio da Guarda Municipal.<\/span><\/p>\n<p><span style=\"font-weight: 400;\">O descumprimento da interdi\u00e7\u00e3o poder\u00e1 acarretar em multa de aproximadamente R$48 mil aos respons\u00e1veis. Desde o in\u00edcio da pandemia, j\u00e1 foram interditados 28 estabelecimentos pela Semaur. Todos funcionavam ignorando a legisla\u00e7\u00e3o sobre as medidas preventivas para enfrentamento da emerg\u00eancia de sa\u00fade p\u00fablica decorrente do novo coronav\u00edrus (covid-19). <\/span><\/p>\n","protected":false},"excerpt":{"rendered":"<p>Os fiscais de posturas da Secretaria de Meio Ambiente e Ordenamento Urbano (Semaur) da Prefeitura de Juiz de Fora (PJF), interditaram nessa quinta-feira (16), um sal\u00e3o de beleza localizado na Rua Santo Ant\u00f4nio no Centro, que n\u00e3o estava permitido para funcionamento. Os respons\u00e1veis pela propriedade foram notificados sobre o funcionamento irregular e solicitaram que o [&hellip;]<\/p>\n","protected":false},"author":96,"featured_media":164784,"comment_status":"closed","ping_status":"closed","sticky":false,"template":"","format":"standard","meta":{"footnotes":""},"categories":[253,436,439],"tags":[],"class_list":["post-164783","post","type-post","status-publish","format-standard","has-post-thumbnail","hentry","category-cidade","category-destaque-da-semana","category-ultima-hora"],"_links":{"self":[{"href":"https:\/\/diarioregionaldigital.com.br\/index.php?rest_route=\/wp\/v2\/posts\/164783","targetHints":{"allow":["GET"]}}],"collection":[{"href":"https:\/\/diarioregionaldigital.com.br\/index.php?rest_route=\/wp\/v2\/posts"}],"about":[{"href":"https:\/\/diarioregionaldigital.com.br\/index.php?rest_route=\/wp\/v2\/types\/post"}],"author":[{"embeddable":true,"href":"https:\/\/diarioregionaldigital.com.br\/index.php?rest_route=\/wp\/v2\/users\/96"}],"replies":[{"embeddable":true,"href":"https:\/\/diarioregionaldigital.com.br\/index.php?rest_route=%2Fwp%2Fv2%2Fcomments&post=164783"}],"version-history":[{"count":0,"href":"https:\/\/diarioregionaldigital.com.br\/index.php?rest_route=\/wp\/v2\/posts\/164783\/revisions"}],"wp:featuredmedia":[{"embeddable":true,"href":"https:\/\/diarioregionaldigital.com.br\/index.php?rest_route=\/wp\/v2\/media\/164784"}],"wp:attachment":[{"href":"https:\/\/diarioregionaldigital.com.br\/index.php?rest_route=%2Fwp%2Fv2%2Fmedia&parent=164783"}],"wp:term":[{"taxonomy":"category","embeddable":true,"href":"https:\/\/diarioregionaldigital.com.br\/index.php?rest_route=%2Fwp%2Fv2%2Fcategories&post=164783"},{"taxonomy":"post_tag","embeddable":true,"href":"https:\/\/diarioregionaldigital.com.br\/index.php?rest_route=%2Fwp%2Fv2%2Ftags&post=164783"}],"curies":[{"name":"wp","href":"https:\/\/api.w.org\/{rel}","templated":true}]}}