{"id":164780,"date":"2020-07-16T16:54:38","date_gmt":"2020-07-16T19:54:38","guid":{"rendered":"https:\/\/diarioregionaldigital.com.br\/?p=164780"},"modified":"2020-07-16T16:54:38","modified_gmt":"2020-07-16T19:54:38","slug":"secretaria-de-obras-faz-manutencao-de-bocas-de-lobo-no-mergulhao","status":"publish","type":"post","link":"https:\/\/diarioregionaldigital.com.br\/?p=164780","title":{"rendered":"Secretaria de Obras faz manuten\u00e7\u00e3o de bocas de lobo no Mergulh\u00e3o"},"content":{"rendered":"<p>Nesta quinta-feira, 16, a Secretaria de Obras (SO) da Prefeitura de Juiz de Fora (PJF) est\u00e1 fazendo manuten\u00e7\u00e3o de bocas de lobo no Mergulh\u00e3o, na Avenida Bar\u00e3o do Rio Branco, pr\u00f3ximo ao Hemominas. O servi\u00e7o consiste na limpeza dos equipamentos e coloca\u00e7\u00e3o de novas grades. O tr\u00e2nsito no local est\u00e1 em meia pista.<\/p>\n<p>Em virtude de a regi\u00e3o ser alvo de furtos de grades de ferro constantemente, a SO optou por instalar equipamentos de concreto, que n\u00e3o t\u00eam potencial financeiro para ser comercializado. \u201cSempre trocamos as grades e, em pouco tempo, s\u00e3o furtadas. Ent\u00e3o, optamos por substituir, num primeiro momento, dez unidades, e vamos confeccionar mais, para substituir gradativamente\u201d, explicou o subsecret\u00e1rio de Opera\u00e7\u00e3o Urbana da SO, Domingos Gouv\u00eaa.<\/p>\n<p><strong>Fonte:<\/strong> Assessoria<\/p>\n","protected":false},"excerpt":{"rendered":"<p>Nesta quinta-feira, 16, a Secretaria de Obras (SO) da Prefeitura de Juiz de Fora (PJF) est\u00e1 fazendo manuten\u00e7\u00e3o de bocas de lobo no Mergulh\u00e3o, na Avenida Bar\u00e3o do Rio Branco, pr\u00f3ximo ao Hemominas. O servi\u00e7o consiste na limpeza dos equipamentos e coloca\u00e7\u00e3o de novas grades. O tr\u00e2nsito no local est\u00e1 em meia pista. Em virtude [&hellip;]<\/p>\n","protected":false},"author":96,"featured_media":164781,"comment_status":"closed","ping_status":"closed","sticky":false,"template":"","format":"standard","meta":{"footnotes":""},"categories":[253,436,439],"tags":[],"class_list":["post-164780","post","type-post","status-publish","format-standard","has-post-thumbnail","hentry","category-cidade","category-destaque-da-semana","category-ultima-hora"],"_links":{"self":[{"href":"https:\/\/diarioregionaldigital.com.br\/index.php?rest_route=\/wp\/v2\/posts\/164780","targetHints":{"allow":["GET"]}}],"collection":[{"href":"https:\/\/diarioregionaldigital.com.br\/index.php?rest_route=\/wp\/v2\/posts"}],"about":[{"href":"https:\/\/diarioregionaldigital.com.br\/index.php?rest_route=\/wp\/v2\/types\/post"}],"author":[{"embeddable":true,"href":"https:\/\/diarioregionaldigital.com.br\/index.php?rest_route=\/wp\/v2\/users\/96"}],"replies":[{"embeddable":true,"href":"https:\/\/diarioregionaldigital.com.br\/index.php?rest_route=%2Fwp%2Fv2%2Fcomments&post=164780"}],"version-history":[{"count":0,"href":"https:\/\/diarioregionaldigital.com.br\/index.php?rest_route=\/wp\/v2\/posts\/164780\/revisions"}],"wp:featuredmedia":[{"embeddable":true,"href":"https:\/\/diarioregionaldigital.com.br\/index.php?rest_route=\/wp\/v2\/media\/164781"}],"wp:attachment":[{"href":"https:\/\/diarioregionaldigital.com.br\/index.php?rest_route=%2Fwp%2Fv2%2Fmedia&parent=164780"}],"wp:term":[{"taxonomy":"category","embeddable":true,"href":"https:\/\/diarioregionaldigital.com.br\/index.php?rest_route=%2Fwp%2Fv2%2Fcategories&post=164780"},{"taxonomy":"post_tag","embeddable":true,"href":"https:\/\/diarioregionaldigital.com.br\/index.php?rest_route=%2Fwp%2Fv2%2Ftags&post=164780"}],"curies":[{"name":"wp","href":"https:\/\/api.w.org\/{rel}","templated":true}]}}